{"id":828379,"date":"2026-04-29T06:27:29","date_gmt":"2026-04-29T06:27:29","guid":{"rendered":"http:\/\/nugnes.com\/?guid=609f55b05babc086f29983020335e6b6"},"modified":"2026-04-29T11:36:00","modified_gmt":"2026-04-29T11:36:00","slug":"spari-al-corteo-del-25-aprile-a-roma-fermato-un-21enne-2","status":"publish","type":"post","link":"https:\/\/nugnes.com\/?p=828379","title":{"rendered":"Spari al corteo del 25 aprile a Roma, fermato un 21enne: &#8220;Sono della Brigata Ebraica&#8221;"},"content":{"rendered":"<p>AGI -&nbsp;\"<strong>Faccio parte della Brigata Ebraica<\/strong>\": lo ha affermato<strong> Eithan B.<\/strong>, 21 anni, bloccato, nella notte, dai poliziotti della Digos con l'accusa di aver esploso un colpo di pistola a piombini centrando due militanti dell'Anpi - un uomo e una donna -, al termine della manifestazione del 25 aprile nei pressi del Parco Schuster, vicino alla Basilica di San Paolo, a Roma.<\/p>\n<p>Il giovane, difeso dall'avvocato Cesare Gai, \u00e8 stato perquisito e dovr\u00e0 essere interrogato dagli inquirenti della procura di Roma nei prossimi giorni. Le motivazioni sono al vaglio di investigatori e inquirenti.<br>\n  Una frase che, secondo quanto si apprende, sarebbe destituita di ogni fondamento. La Brigata Ebraica, infatti, informa di avere appreso dalla stampa la notizia del fermo del 21enne quale presunto aggressore dei due iscritti Anpi il 25 aprile a Roma e dichiara \"di non conoscerlo e di non avere tra i suoi membri persone che rispondano a questo nome\".<\/p>\n<p>Sottolinea anche \"<strong>di non aver alcun rappresentante n\u00e8 iscritto nella citt\u00e0 di Roma<\/strong>\". \"Provo orrore e condanno nella maniera pi\u00f9 risoluta, e senza alcuna giustificazione, chiunque si permetta di usare il nome della Brigata Ebraica per compiere atti di violenza\", afferma Davide Romano.<\/p>\n<p>\"La Brigata Ebraica ha combattuto per la libert\u00e0 e la dignit\u00e0 umana. Strumentalizzarne il nome per giustificare o coprire comportamenti violenti \u00e8 un oltraggio alla sua memoria e a tutti coloro che si sono sacrificati sotto quella bandiera. Ringraziamo di tutto cuore le forze dell'ordine - aggiunge il direttore del museo della Brigata ebraica di Milano - per aver agito con tale rapidit\u00e0. La loro prontezza \u00e8 un segnale importante e un messaggio chiaro: certi atti non devono essere tollerati. Ci riserviamo inoltre di adire a vie legali contro tutti quelli che usano e useranno il nome della Brigata Ebraica per accostarlo a questo atto vergognoso. La violenza - conclude - non ha mai fatto parte dei nostri valori e non li rappresenter\u00e0 mai\". Allo stato le contestazioni al 21enne sono quelle di tentato omicidio e detenzione di armi.<\/p>\n<h2>L'episodio vicino alla Basilica di San Paolo<\/h2>\n<p>Sono una donna e un uomo, marito e moglie, i due feriti raggiunti da colpi di pistola a piombini esplosi al termine della manifestazione del <strong>25 aprile nei pressi del Parco Schuster<\/strong>, a Roma, a pochi passi dalla Basilica di San Paolo. La coppia indossava i <strong>fazzoletti dell\u2019Anpi <\/strong>al collo quando \u00e8 stata colpita: l\u2019uomo al collo, la donna alla spalla. Le ferite, fortunatamente lievi, sono state medicate sul posto dal personale sanitario.<\/p>\n<p>Secondo quanto riferito ai poliziotti, i due stavano cercando un bar in via delle Sette Chiese quando un uomo in sella ad uno scooter di grossa cilindrata si sarebbe fermato davanti a loro. Indossava un casco integrale e un giubbotto di colore militare. Senza dire una parola, avrebbe estratto una pistola a piombini e fatto fuoco, per poi allontanarsi rapidamente.<\/p>\n<h2>La Comunit\u00e0 ebraica: \"Sgomento e indignazione per il gesto di un nostro iscritto\"<\/h2>\n<p>\"Il fermo di un ragazzo iscritto alla <strong>Comunit\u00e0 Ebraica di Roma <\/strong>per i fatti del 25 aprile ci riempie di <strong>sgomento e indignazione<\/strong>.&nbsp;La Comunit\u00e0 Ebraica di Roma condanna e si <strong>dissocia <\/strong>senza riserve da qualsiasi forma di <strong>violenza antidemocratica<\/strong>. Esprimiamo <strong>piena solidariet\u00e0<\/strong> e vicinanza ai <strong>feriti<\/strong>, Rossana Gabrieli e Nicola Fasciano. Esprimiamo fiducia nel lavoro della Procura e delle Forze dell\u2019ordine affinch\u00e9 sia fatta piena luce sulla dinamica dei fatti e su ogni responsabilit\u00e0\".&nbsp; Lo afferma in una nota <strong>Victor Fadlun<\/strong>, presidente della Comunit\u00e0 Ebraica di Roma.&nbsp; \"In una fase cos\u00ec tesa - aggiunge - rivolgiamo<strong> un appello alle forze politiche <\/strong>e alla societ\u00e0 civile a evitare ogni strumentalizzazione che possa alimentare l\u2019odio e generare nuova violenza\".<\/p>\n<h2>Il 21enne \u00e8 stato trasferito a Regina Coeli<\/h2>\n<p>\u00c8 stato trasferito nel carcere romano di Regina Coeli Eithan B., 21 anni, fermato, nella tarda serata del 28 aprile.<\/p>\n<p>Il ragazzo, residente nella zona di viale Marconi, \u00e8 iscritto all'universit\u00e0 e lavora. A suo carico sono contestati i reati di <strong>tentato omicidio e porto e detenzione di armi illegale<\/strong>. Per questo \u00e8 stato sottoposto a fermo di polizia giudiziaria dagli investigatori della Digos e del commissariato Colombo, all'esito di un'attivit\u00e0 di indagine condotta in stretto raccordo con la procura di Roma.<\/p>\n<p>Nell'immediatezza dei fatti, le due vittime, assistite dal personale del commissariato di PS Colombo e della Digos, avevano sporto denuncia, fornendo una sommaria descrizione dei fatti. \"Partendo dagli elementi informativi resi dai denuncianti, gli investigatori si sono messi immediatamente al lavoro, ricostruendo, con un'opera certosina, non solo la dinamica dei fatti, ma anche l'itinerario tracciato dall'autore del gesto lungo la direttrice di allontanamento da luogo in cui si \u00e8 consumato l'aggressione\", spiega la Questura di Roma.<\/p>\n<p>\"Attraverso un vero e proprio puzzle composto da frame estrapolati dalle numerose telecamere di videosorveglianza in dotazione al Comune di Roma e alla Questura capitolina, infatti, gli investigatori sono riusciti a risalire al modello dello scooter e, attraverso un processo di rielaborazione grafica ad alta risoluzione, a estrapolare i dati parziali della targa del motoveicolo - ricostruisce la polizia di stato -. Intrecciando i dati disponibili restituiti dalle attivit\u00e0 di indagine nell'arco delle prime 48 ore con gli esiti degli approfondimenti esperiti attraverso le banche dati della motorizzazione, si \u00e8 cosi' risalito all'intestatario nonch\u00e9 utilizzatore dello scooter che \u00e8 stato cosi' sottoposto alla misura restrittiva della libert\u00e0 personale\".<\/p>","protected":false},"excerpt":{"rendered":"<p>AGI &#8211;&nbsp;&#8220;Faccio parte della Brigata Ebraica&#8221;: lo ha affermato Eithan B., 21 anni, bloccato, nella notte, dai poliziotti della Digos con l&#8217;accusa di aver esploso un colpo di pistola a piombini centrando due militanti dell&#8217;Anpi &#8211; un uomo e una donna -&#8230;<\/p>\n","protected":false},"author":298,"featured_media":0,"comment_status":"closed","ping_status":"closed","sticky":false,"template":"","format":"standard","meta":{"om_disable_all_campaigns":false,"_monsterinsights_skip_tracking":false,"_monsterinsights_sitenote_active":false,"_monsterinsights_sitenote_note":"","_monsterinsights_sitenote_category":0,"footnotes":""},"categories":[10,1531],"tags":[],"class_list":["post-828379","post","type-post","status-publish","format-standard","hentry","category-cronaca","category-komposer"],"aioseo_notices":[],"_links":{"self":[{"href":"https:\/\/nugnes.com\/index.php?rest_route=\/wp\/v2\/posts\/828379","targetHints":{"allow":["GET"]}}],"collection":[{"href":"https:\/\/nugnes.com\/index.php?rest_route=\/wp\/v2\/posts"}],"about":[{"href":"https:\/\/nugnes.com\/index.php?rest_route=\/wp\/v2\/types\/post"}],"author":[{"embeddable":true,"href":"https:\/\/nugnes.com\/index.php?rest_route=\/wp\/v2\/users\/298"}],"replies":[{"embeddable":true,"href":"https:\/\/nugnes.com\/index.php?rest_route=%2Fwp%2Fv2%2Fcomments&post=828379"}],"version-history":[{"count":4,"href":"https:\/\/nugnes.com\/index.php?rest_route=\/wp\/v2\/posts\/828379\/revisions"}],"predecessor-version":[{"id":828403,"href":"https:\/\/nugnes.com\/index.php?rest_route=\/wp\/v2\/posts\/828379\/revisions\/828403"}],"wp:attachment":[{"href":"https:\/\/nugnes.com\/index.php?rest_route=%2Fwp%2Fv2%2Fmedia&parent=828379"}],"wp:term":[{"taxonomy":"category","embeddable":true,"href":"https:\/\/nugnes.com\/index.php?rest_route=%2Fwp%2Fv2%2Fcategories&post=828379"},{"taxonomy":"post_tag","embeddable":true,"href":"https:\/\/nugnes.com\/index.php?rest_route=%2Fwp%2Fv2%2Ftags&post=828379"}],"curies":[{"name":"wp","href":"https:\/\/api.w.org\/{rel}","templated":true}]}}