{"id":828382,"date":"2026-04-29T07:42:18","date_gmt":"2026-04-29T07:42:18","guid":{"rendered":"https:\/\/www.lettera43.it\/?p=1298949"},"modified":"2026-04-29T07:42:18","modified_gmt":"2026-04-29T07:42:18","slug":"grazia-a-minetti-dal-ministero-della-giustizia-nessun-input-per-verifiche-allestero","status":"publish","type":"post","link":"https:\/\/nugnes.com\/?p=828382","title":{"rendered":"Grazia a Minetti, dal ministero della Giustizia nessun input per verifiche all\u2019estero"},"content":{"rendered":"\n<p>Il <strong>ministero della Giustizia<\/strong> non aveva chiesto alla <strong>procura generale di Milano<\/strong> di fare<strong> indagini all\u2019estero <\/strong>in vista della possibile <strong>grazia <\/strong>per motivi umanitari da concedere a <strong>Nicole Minetti<\/strong>. Come spiega <em>Repubblica<\/em>, Via Arenula aveva inviato ai magistrati solo un modulo nel quale non c\u2019era alcun riferimento a eventuali accertamenti fuori dall\u2019Italia, in questo caso particolare in <strong>Uruguay <\/strong>e negli<strong> Stati Uniti<\/strong>.<\/p>\n\n\n<figure class=\"wp-block-image size-full\"><a href=\"https:\/\/www.lettera43.it\/galleria\/1298949\/1298960\"><img data-has-syndication-rights=\"1\" data-portal-copyright=\"Lettera43\" data-licensor-name=\"Lettera43\" decoding=\"async\" width=\"1080\" height=\"908\" src=\"https:\/\/www.lettera43.it\/wp-content\/uploads\/2026\/04\/Imagoeconomica_2707733.jpg\" alt=\"Grazia a Minetti, dal ministero della Giustizia nessun input per verifiche all\u2019estero\" class=\"wp-image-1298960 lazyload\" title=\"Grazia a Minetti, dal ministero della Giustizia nessun input per verifiche all\u2019estero\" data-src=\"https:\/\/www.lettera43.it\/wp-content\/uploads\/2026\/04\/Imagoeconomica_2707733.jpg\" loading=\"lazy\" data-has-syndication-rights=\"1\" data-licensor-name=\"Lettera43\" srcset=\"https:\/\/www.lettera43.it\/wp-content\/uploads\/2026\/04\/Imagoeconomica_2707733.jpg 1080w, https:\/\/www.lettera43.it\/wp-content\/uploads\/2026\/04\/Imagoeconomica_2707733-800x673.jpg 800w, https:\/\/www.lettera43.it\/wp-content\/uploads\/2026\/04\/Imagoeconomica_2707733-390x328.jpg 390w\" sizes=\"auto, (max-width: 1080px) 100vw, 1080px\" \/><\/a><figcaption class=\"wp-element-caption\">Giuseppe Cipriani (Imagoeconomica).<\/figcaption><\/figure>\n\n\n<h2 class=\"wp-block-heading\">Le ombre sull&#8217;adozione del bambino in Uruguay<\/h2>\n\n\n\n<p>Ora, su input del <strong><a href=\"https:\/\/www.lettera43.it\/grazia-minetti-fatto-quotidiano-mattarella-verifiche-ministero-nordio-procura-milano\/\"  rel=\"noreferrer noopener\">Quirinale<\/a><\/strong> <a href=\"https:\/\/www.lettera43.it\/grazia-nicole-minetti-quirinale-approfondimenti-ministero-giustizia-bambino-adottato-uruguay\/\"  rel=\"noreferrer noopener\">che ha chiesto approfondimenti<\/a>, c\u2019\u00e8 da capire (con colpevole ritardo) ogni passaggio dell\u2019adozione del minore, compresa la contrariet\u00e0 dei <strong>genitori biologici <\/strong>che non l\u2019avrebbero abbandonato alla nascita. L\u2019Uruguay, peraltro, non \u00e8 un Paese con cui l\u2019Italia ha un trattato sulle <strong>adozioni internazionali<\/strong>. E Minetti non \u00e8 nemmeno sposata con<strong> Giuseppe Cipriani<\/strong>: altro elemento che avrebbe dovuto suggerire cautela al ministero della Giustizia, che raramente ha aperto un\u2019istruttoria per la grazia nei confronti di una persona che non \u00e8 in custodia cautelare. E poi c\u2019\u00e8 l\u2019<strong>intervento chirurgico <\/strong>subito dal bimbo a Boston, dopo il supposto parere contrario di due ospedali italiani che, per\u00f2, hanno smentito di averlo avuto come paziente. C\u2019\u00e8 inoltre da capire che tipo di feste venissero organizzate nella tenuta in Uruguay di Cipriani, citato negli <strong>Epstein Files<\/strong>. Altro aspetto sotto la lente d\u2019ingrandimento le circostanze della morte dei due avvocati della famiglia d\u2019origine del bambino, di cui ha scritto <em>Il Fatto Quotidiano<\/em>. \u00ab<a href=\"https:\/\/www.lettera43.it\/grazia-minetti-ministero-giustizia-procedura-regolare-quirinale-querele\/\"  rel=\"noreferrer noopener\">Potremmo anche ammettere di non essere stati perspicaci<\/a>\u00bb, ha detto la procuratrice generale Francesca Nanni. Sul caso \u00e8 stata attivata \u00abcon massima urgenza\u00bb anche l\u2019<strong>Interpol<\/strong>. Saranno acquisiti documenti dall\u2019Uruguay anche in merito a eventuali procedimenti penali.<\/p>\n\n\n<figure class=\"wp-block-image size-full\"><a href=\"https:\/\/www.lettera43.it\/galleria\/1298949\/1298959\"><img data-has-syndication-rights=\"1\" data-portal-copyright=\"Lettera43\" data-licensor-name=\"Lettera43\" decoding=\"async\" width=\"1100\" height=\"732\" src=\"https:\/\/www.lettera43.it\/wp-content\/uploads\/2026\/04\/Imagoeconomica_2407462.jpg\" alt=\"Grazia a Minetti, dal ministero della Giustizia nessun input per verifiche all\u2019estero\" class=\"wp-image-1298959 lazyload\" title=\"Grazia a Minetti, dal ministero della Giustizia nessun input per verifiche all\u2019estero\" data-src=\"https:\/\/www.lettera43.it\/wp-content\/uploads\/2026\/04\/Imagoeconomica_2407462.jpg\" loading=\"lazy\" data-has-syndication-rights=\"1\" data-licensor-name=\"Lettera43\" srcset=\"https:\/\/www.lettera43.it\/wp-content\/uploads\/2026\/04\/Imagoeconomica_2407462.jpg 1100w, https:\/\/www.lettera43.it\/wp-content\/uploads\/2026\/04\/Imagoeconomica_2407462-800x532.jpg 800w, https:\/\/www.lettera43.it\/wp-content\/uploads\/2026\/04\/Imagoeconomica_2407462-390x260.jpg 390w\" sizes=\"auto, (max-width: 1100px) 100vw, 1100px\" \/><\/a><figcaption class=\"wp-element-caption\">Giorgia Meloni e Carlo Nordio (Imagoeconomica).<\/figcaption><\/figure>\n\n\n<h2 class=\"wp-block-heading\">Meloni esclude le dimissioni del ministro Nordio<\/h2>\n\n\n\n<p>Intanto il ministro <strong>Carlo Nordio <\/strong>\u00e8 sempre pi\u00f9 sotto pressione. Ieri il Guardasigilli \u00e8 stato <a href=\"https:\/\/www.lettera43.it\/nordio-palazzo-chigi-incontro-mantovano-minetti-grazia\/\"  rel=\"noreferrer noopener\">ricevuto a<strong> Palazzo Chigi<\/strong><\/a> dal sottosegretario alla presidenza del Consiglio<strong> Alfredo Mantovano <\/strong>per un colloquio che non sarebbe legato al caso-Minetti, bens\u00ec gi\u00e0 previsto \u00abper questioni pregresse\u00bb. Le opposizioni sono tornate a invocare le <strong>dimissioni <\/strong>di Nordio, gi\u00e0 indebolito dall\u2019addio forzato della sua (ex) capo di gabinetto<strong> <a href=\"https:\/\/www.lettera43.it\/caso-almasri-camera-scudo-parlamentare-bartolozzi\/\"  rel=\"noreferrer noopener\">Giusi Bartolozzi<\/a><\/strong>, che per\u00f2 sono state escluse categoricamente dalla premier <strong>Giorgia Meloni<\/strong>: \u00abIl ministero non ha strumenti per operare indagini, il ministero si avvale della magistratura e la magistratura della polizia giudiziaria. Come fa il ministero ad avere pi\u00f9 informazioni di chi fa indagini?\u00bb. <\/p>\n","protected":false},"excerpt":{"rendered":"<p>Da Via Arenula non \u00e8 arrivata in procura a Milano la richiesta di avviare controlli sull\u2019adozione del bambino uruguaiano. E nemmeno sulla vita condotta dall\u2019ex consigliera lombarda e dal compagno in Sudamerica.<\/p>\n","protected":false},"author":4,"featured_media":0,"comment_status":"closed","ping_status":"closed","sticky":false,"template":"","format":"standard","meta":{"om_disable_all_campaigns":false,"_monsterinsights_skip_tracking":false,"_monsterinsights_sitenote_active":false,"_monsterinsights_sitenote_note":"","_monsterinsights_sitenote_category":0,"footnotes":""},"categories":[15,1612],"tags":[],"class_list":["post-828382","post","type-post","status-publish","format-standard","hentry","category-politica","category-ultima-ora"],"aioseo_notices":[],"_links":{"self":[{"href":"https:\/\/nugnes.com\/index.php?rest_route=\/wp\/v2\/posts\/828382","targetHints":{"allow":["GET"]}}],"collection":[{"href":"https:\/\/nugnes.com\/index.php?rest_route=\/wp\/v2\/posts"}],"about":[{"href":"https:\/\/nugnes.com\/index.php?rest_route=\/wp\/v2\/types\/post"}],"author":[{"embeddable":true,"href":"https:\/\/nugnes.com\/index.php?rest_route=\/wp\/v2\/users\/4"}],"replies":[{"embeddable":true,"href":"https:\/\/nugnes.com\/index.php?rest_route=%2Fwp%2Fv2%2Fcomments&post=828382"}],"version-history":[{"count":3,"href":"https:\/\/nugnes.com\/index.php?rest_route=\/wp\/v2\/posts\/828382\/revisions"}],"predecessor-version":[{"id":828438,"href":"https:\/\/nugnes.com\/index.php?rest_route=\/wp\/v2\/posts\/828382\/revisions\/828438"}],"wp:attachment":[{"href":"https:\/\/nugnes.com\/index.php?rest_route=%2Fwp%2Fv2%2Fmedia&parent=828382"}],"wp:term":[{"taxonomy":"category","embeddable":true,"href":"https:\/\/nugnes.com\/index.php?rest_route=%2Fwp%2Fv2%2Fcategories&post=828382"},{"taxonomy":"post_tag","embeddable":true,"href":"https:\/\/nugnes.com\/index.php?rest_route=%2Fwp%2Fv2%2Ftags&post=828382"}],"curies":[{"name":"wp","href":"https:\/\/api.w.org\/{rel}","templated":true}]}}