{"id":828384,"date":"2026-04-29T07:13:03","date_gmt":"2026-04-29T07:13:03","guid":{"rendered":"https:\/\/www.lettera43.it\/?p=1298801"},"modified":"2026-04-29T07:13:03","modified_gmt":"2026-04-29T07:13:03","slug":"il-diavolo-veste-prada-2-il-giornalismo-duro-e-puro-in-crisi-e-la-schiavitu-delle-views","status":"publish","type":"post","link":"https:\/\/nugnes.com\/?p=828384","title":{"rendered":"Il diavolo veste Prada 2, il giornalismo duro e puro in crisi e la schiavit\u00f9 delle views"},"content":{"rendered":"\n<p>Il secondo capitolo de <em><strong>Il diavolo veste Prada<\/strong><\/em>, 20 anni dopo, ci offre un ritratto spietato sulla trasformazione del mondo dell\u2019<strong>editoria<\/strong> e sulle difficolt\u00e0 estreme delle vecchie generazioni ad adattarsi all\u2019universo <strong>digitale<\/strong>, dove <strong>influencer<\/strong> e <strong>content creator<\/strong> hanno spazzato via interi giardinetti di competenze.<\/p>\n\n\n\n<figure class=\"wp-block-embed is-type-video is-provider-youtube wp-block-embed-youtube wp-embed-aspect-16-9 wp-has-aspect-ratio\"><div class=\"wp-block-embed__wrapper\">\n<iframe title=\"Il Diavolo Veste Prada 2 | Trailer Ufficiale\" width=\"500\" height=\"281\" src=\"https:\/\/www.youtube.com\/embed\/zmBg3eo3PKM?feature=oembed\" frameborder=\"0\" allow=\"accelerometer; autoplay; clipboard-write; encrypted-media; gyroscope; picture-in-picture; web-share\" referrerpolicy=\"strict-origin-when-cross-origin\" allowfullscreen><\/iframe>\n<\/div><\/figure>\n\n\n\n<p>Ce n\u2019\u00e8 un po\u2019 per tutti. Sia per quel <strong>giornalismo<\/strong> duro e puro che in tempi grami come questi non disdegna di scendere a compromessi, mettendo da parte gli ideali di giovent\u00f9; sia per il mondo dell\u2019editoria dei <strong><a href=\"https:\/\/www.lettera43.it\/crisi-settimanali-moda-gossip-signorini-copie-vendute-chi-vogue-vanity-fair-corona\/\"  rel=\"noreferrer noopener\">femminili<\/a><\/strong>, quello dominato per decenni da <em>Vogue<\/em> &amp; co., che invece non detta pi\u00f9 le tendenze, non intercetta <strong>investimenti pubblicitari<\/strong> come una volta, e deve lottare per sopravvivere tra social, <strong>visualizzazioni<\/strong> e viralit\u00e0.<\/p>\n\n\n<figure class=\"wp-block-image size-full\"><a href=\"https:\/\/www.lettera43.it\/galleria\/1298801\/1298871\"><img data-has-syndication-rights=\"1\" data-portal-copyright=\"Lettera43\" data-licensor-name=\"Lettera43\" decoding=\"async\" width=\"1200\" height=\"800\" src=\"https:\/\/www.lettera43.it\/wp-content\/uploads\/2026\/04\/Il-diavolo-veste-Prada-2-il-giornalismo-duro-e-puro-in-crisi-e-la-schiavitu-delle-views-2.jpg\" alt=\"Il diavolo veste Prada 2, il giornalismo duro e puro in crisi e la schiavit\u00f9 delle views\" class=\"wp-image-1298871 lazyload\" title=\"Il diavolo veste Prada 2, il giornalismo duro e puro in crisi e la schiavit\u00f9 delle views\" data-src=\"https:\/\/www.lettera43.it\/wp-content\/uploads\/2026\/04\/Il-diavolo-veste-Prada-2-il-giornalismo-duro-e-puro-in-crisi-e-la-schiavitu-delle-views-2.jpg\" loading=\"lazy\" data-has-syndication-rights=\"1\" data-licensor-name=\"Lettera43\" srcset=\"https:\/\/www.lettera43.it\/wp-content\/uploads\/2026\/04\/Il-diavolo-veste-Prada-2-il-giornalismo-duro-e-puro-in-crisi-e-la-schiavitu-delle-views-2.jpg 1200w, https:\/\/www.lettera43.it\/wp-content\/uploads\/2026\/04\/Il-diavolo-veste-Prada-2-il-giornalismo-duro-e-puro-in-crisi-e-la-schiavitu-delle-views-2-800x533.jpg 800w, https:\/\/www.lettera43.it\/wp-content\/uploads\/2026\/04\/Il-diavolo-veste-Prada-2-il-giornalismo-duro-e-puro-in-crisi-e-la-schiavitu-delle-views-2-390x260.jpg 390w\" sizes=\"auto, (max-width: 1200px) 100vw, 1200px\" \/><\/a><figcaption class=\"wp-element-caption\">Meryl Streep interpreta Miranda Priestly.<\/figcaption><\/figure>\n\n\n<h2 class=\"wp-block-heading\">Prima la shitstorm, poi la rabbia degli investitori pubblicitari<\/h2>\n\n\n\n<p><em>Runway<\/em>, la rivista di fashion guidata da Miranda Priestley (<strong>Meryl Streep<\/strong>), viene travolta da una <em>shitstorm<\/em> sui social perch\u00e9 ha pubblicato un articolo elogiativo dedicato a un&#8217;azienda che, invece, si scopre essere disinvolta sfruttatrice della manodopera. Pure gli investitori pubblicitari chiedono una sorta di risarcimento per lo scandalo che ha colpito <em>Runway<\/em>, e in particolare <strong>Dior<\/strong>, il cui business retail \u00e8 ora guidato da Emily (<strong>Emily Blunt<\/strong>), l&#8217;antica assistente di Miranda.<\/p>\n\n\n<figure class=\"wp-block-image size-full\"><a href=\"https:\/\/www.lettera43.it\/galleria\/1298801\/1298876\"><img data-has-syndication-rights=\"1\" data-portal-copyright=\"Lettera43\" data-licensor-name=\"Lettera43\" decoding=\"async\" width=\"1200\" height=\"713\" src=\"https:\/\/www.lettera43.it\/wp-content\/uploads\/2026\/04\/Il-diavolo-veste-Prada-2-il-giornalismo-duro-e-puro-in-crisi-e-la-schiavitu-delle-views-7.jpg\" alt=\"Il diavolo veste Prada 2, il giornalismo duro e puro in crisi e la schiavit\u00f9 delle views\" class=\"wp-image-1298876 lazyload\" title=\"Il diavolo veste Prada 2, il giornalismo duro e puro in crisi e la schiavit\u00f9 delle views\" data-src=\"https:\/\/www.lettera43.it\/wp-content\/uploads\/2026\/04\/Il-diavolo-veste-Prada-2-il-giornalismo-duro-e-puro-in-crisi-e-la-schiavitu-delle-views-7.jpg\" loading=\"lazy\" data-has-syndication-rights=\"1\" data-licensor-name=\"Lettera43\" srcset=\"https:\/\/www.lettera43.it\/wp-content\/uploads\/2026\/04\/Il-diavolo-veste-Prada-2-il-giornalismo-duro-e-puro-in-crisi-e-la-schiavitu-delle-views-7.jpg 1200w, https:\/\/www.lettera43.it\/wp-content\/uploads\/2026\/04\/Il-diavolo-veste-Prada-2-il-giornalismo-duro-e-puro-in-crisi-e-la-schiavitu-delle-views-7-800x475.jpg 800w, https:\/\/www.lettera43.it\/wp-content\/uploads\/2026\/04\/Il-diavolo-veste-Prada-2-il-giornalismo-duro-e-puro-in-crisi-e-la-schiavitu-delle-views-7-390x232.jpg 390w\" sizes=\"auto, (max-width: 1200px) 100vw, 1200px\" \/><\/a><figcaption class=\"wp-element-caption\">Emily Blunt.<\/figcaption><\/figure>\n\n\n<p>Messa alle strette sui due fronti (contenuti editoriali e raccolta adv), la casa editrice di <em>Runway<\/em> decide di chiamare Andrea (<strong>Anne Hathaway<\/strong>) come responsabile dei contenuti editoriali, poich\u00e9 nel frattempo l&#8217;ex ragazza del 2006 \u00e8 diventata un&#8217;apprezzata giornalista che vince premi ma che \u00e8 appena stata <strong>licenziata<\/strong>, insieme a tutta la redazione, dal quotidiano <em>Guardian<\/em>. Miranda, con un inatteso bagno di umilt\u00e0, \u00e8 d\u2019altro canto costretta ad andare a trattare con gli investitori pubblicitari, Emily compresa.<\/p>\n\n\n<figure class=\"wp-block-image size-full\"><a href=\"https:\/\/www.lettera43.it\/galleria\/1298801\/1298873\"><img data-has-syndication-rights=\"1\" data-portal-copyright=\"Lettera43\" data-licensor-name=\"Lettera43\" decoding=\"async\" width=\"1200\" height=\"800\" src=\"https:\/\/www.lettera43.it\/wp-content\/uploads\/2026\/04\/Il-diavolo-veste-Prada-2-il-giornalismo-duro-e-puro-in-crisi-e-la-schiavitu-delle-views-3.jpg\" alt=\"Il diavolo veste Prada 2, il giornalismo duro e puro in crisi e la schiavit\u00f9 delle views\" class=\"wp-image-1298873 lazyload\" title=\"Il diavolo veste Prada 2, il giornalismo duro e puro in crisi e la schiavit\u00f9 delle views\" data-src=\"https:\/\/www.lettera43.it\/wp-content\/uploads\/2026\/04\/Il-diavolo-veste-Prada-2-il-giornalismo-duro-e-puro-in-crisi-e-la-schiavitu-delle-views-3.jpg\" loading=\"lazy\" data-has-syndication-rights=\"1\" data-licensor-name=\"Lettera43\" srcset=\"https:\/\/www.lettera43.it\/wp-content\/uploads\/2026\/04\/Il-diavolo-veste-Prada-2-il-giornalismo-duro-e-puro-in-crisi-e-la-schiavitu-delle-views-3.jpg 1200w, https:\/\/www.lettera43.it\/wp-content\/uploads\/2026\/04\/Il-diavolo-veste-Prada-2-il-giornalismo-duro-e-puro-in-crisi-e-la-schiavitu-delle-views-3-800x533.jpg 800w, https:\/\/www.lettera43.it\/wp-content\/uploads\/2026\/04\/Il-diavolo-veste-Prada-2-il-giornalismo-duro-e-puro-in-crisi-e-la-schiavitu-delle-views-3-390x260.jpg 390w\" sizes=\"auto, (max-width: 1200px) 100vw, 1200px\" \/><\/a><figcaption class=\"wp-element-caption\">Anne Hathaway.<\/figcaption><\/figure>\n\n\n<h2 class=\"wp-block-heading\">\u00abIn quanti hanno cliccato sull\u2019articolo? Non \u00e8 diventato virale\u00bb<\/h2>\n\n\n\n<p>Possiamo quindi usare alcuni <em>touchpoint<\/em> della <strong>sceneggiatura<\/strong> del film, in sala dal 29 aprile, per allargare il discorso a un&#8217;analisi del settore <strong>fashion<\/strong> ed editoriale. Innanzitutto, i pur brillanti articoli di Andrea, nuova responsabile contenuti, hanno sul web un buon numero di commenti da parte della \u00e9lite, ma&#8230; \u00abin quanti hanno cliccato sull\u2019articolo? Quante <strong>visualizzazioni<\/strong> ha fatto? Non \u00e8 diventato virale\u00bb, \u00e8 il cinico commento dell\u2019editore di <em>Runway<\/em>.<\/p>\n\n\n\n<figure class=\"wp-block-embed is-type-video is-provider-youtube wp-block-embed-youtube wp-embed-aspect-16-9 wp-has-aspect-ratio\"><div class=\"wp-block-embed__wrapper\">\n<iframe title=\"Il Diavolo Veste Prada 2 | Anteprima Italiana\" width=\"500\" height=\"281\" src=\"https:\/\/www.youtube.com\/embed\/R5cRrDDx_JU?feature=oembed\" frameborder=\"0\" allow=\"accelerometer; autoplay; clipboard-write; encrypted-media; gyroscope; picture-in-picture; web-share\" referrerpolicy=\"strict-origin-when-cross-origin\" allowfullscreen><\/iframe>\n<\/div><\/figure>\n\n\n\n<p>La Miranda del 2006 governava gli eventi, li determinava. Quella del 2026 \u00e8 pi\u00f9 passiva, li subisce, non detta pi\u00f9 le regole, accetta senza fiatare le condizioni poste dagli investitori pubblicitari: \u00abA risarcimento dello scandalo ci farete tre pagine di servizi e poi un&#8217;<strong>intervista celebrativa<\/strong> dedicata alla nostra nuova sede\u00bb, le dice Emily. E a chi prova a chiedere a Miranda di essere un po\u2019 meno accondiscendente, la direttrice risponde: \u00abAbbiamo bisogno degli investimenti pubblicitari, il numero di <em>Runway<\/em> di settembre pare un filo interdentale\u00bb, lasciando intendere che mancano le pagine pubblicitarie e la <strong>foliazione<\/strong> \u00e8 ridotta al minimo.<\/p>\n\n\n\n<h2 class=\"wp-block-heading\">Che fatica adattarsi alle nuove regole woke su diversity e body shaming<\/h2>\n\n\n\n<p>Lei, d\u2019altronde, ragiona ancora guardando quasi solo all&#8217;<strong>edizione cartacea<\/strong>, percepisce come svilenti tutte le variazioni editoriali sul <strong>digitale<\/strong>, e quando partecipa alle riunioni in cui viene sommersa dai dati su metriche e visualizzazioni si annoia tremendamente. Fa anche molta fatica ad adattarsi alle nuove regole <strong>woke<\/strong> in tema di diversity e body shaming: \u00abHo detto <strong>ragazza grassa<\/strong> del New Jersey. Cos&#8217;\u00e8 che non si pu\u00f2 dire? Non posso dire che \u00e8 del New Jersey?\u00bb.<\/p>\n\n\n<figure class=\"wp-block-image size-full\"><a href=\"https:\/\/www.lettera43.it\/galleria\/1298801\/1298874\"><img data-has-syndication-rights=\"1\" data-portal-copyright=\"Lettera43\" data-licensor-name=\"Lettera43\" decoding=\"async\" width=\"516\" height=\"737\" src=\"https:\/\/www.lettera43.it\/wp-content\/uploads\/2026\/04\/Il-diavolo-veste-Prada-2-il-giornalismo-duro-e-puro-in-crisi-e-la-schiavitu-delle-views-5.jpg\" alt=\"Il diavolo veste Prada 2, il giornalismo duro e puro in crisi e la schiavit\u00f9 delle views\" class=\"wp-image-1298874 lazyload\" title=\"Il diavolo veste Prada 2, il giornalismo duro e puro in crisi e la schiavit\u00f9 delle views\" data-src=\"https:\/\/www.lettera43.it\/wp-content\/uploads\/2026\/04\/Il-diavolo-veste-Prada-2-il-giornalismo-duro-e-puro-in-crisi-e-la-schiavitu-delle-views-5.jpg\" loading=\"lazy\" data-has-syndication-rights=\"1\" data-licensor-name=\"Lettera43\" srcset=\"https:\/\/www.lettera43.it\/wp-content\/uploads\/2026\/04\/Il-diavolo-veste-Prada-2-il-giornalismo-duro-e-puro-in-crisi-e-la-schiavitu-delle-views-5.jpg 516w, https:\/\/www.lettera43.it\/wp-content\/uploads\/2026\/04\/Il-diavolo-veste-Prada-2-il-giornalismo-duro-e-puro-in-crisi-e-la-schiavitu-delle-views-5-390x557.jpg 390w\" sizes=\"auto, (max-width: 516px) 100vw, 516px\" \/><\/a><figcaption class=\"wp-element-caption\">La locandina del film.<\/figcaption><\/figure>\n\n\n<p>Ecco quindi emergere un suo gap sia <strong>tecnologico<\/strong> sia <strong>culturale<\/strong> con i nuovi standard dell\u2019editoria. Nel passaggio generazionale dal vecchio proprietario, appassionato di editoria, a suo figlio, molto meno a suo agio tra <strong>redazioni<\/strong> e <strong>menab\u00f2<\/strong>, si evidenzia ancor di pi\u00f9 il cambio di passo: i consulenti di <strong>McKinsey<\/strong> chiedono di tagliare i costi un po\u2019 ovunque, e, preferibilmente, di vendere la societ\u00e0.<\/p>\n\n\n\n<h2 class=\"wp-block-heading\">Convocazione nella mensa aziendale: ma chi l&#8217;ha mai vista?<\/h2>\n\n\n\n<p>Miranda \u00e8 costretta a viaggiare da <strong>New York<\/strong> a <strong>Milano<\/strong> in <strong>economy<\/strong> e non pi\u00f9 in <strong>business<\/strong>; vengono abolite le macchine con autista e si caldeggia l\u2019utilizzo di <strong>Uber<\/strong>; il nuovo editore convoca Miranda alla <strong>mensa aziendale<\/strong>, \u00abma lei non ha mai messo piede in quel piano dell\u2019azienda, non sapeva neppure che esistesse una mensa aziendale\u00bb, dice il suo art director Nigel (<strong>Stanley Tucci<\/strong>), che poi ricorda i bei tempi in cui \u00abper fare questo servizio potevo andare in <strong>Africa<\/strong> tre mesi col fotografo <strong>Richard Avedon<\/strong>. Ora vanno bene tre giorni in una location periferica di <strong>Brooklyn<\/strong>\u00bb.<\/p>\n\n\n<figure class=\"wp-block-image size-full\"><a href=\"https:\/\/www.lettera43.it\/galleria\/1298801\/1298870\"><img data-has-syndication-rights=\"1\" data-portal-copyright=\"Lettera43\" data-licensor-name=\"Lettera43\" decoding=\"async\" width=\"1200\" height=\"800\" src=\"https:\/\/www.lettera43.it\/wp-content\/uploads\/2026\/04\/Il-diavolo-veste-Prada-2-il-giornalismo-duro-e-puro-in-crisi-e-la-schiavitu-delle-views-1.jpg\" alt=\"Il diavolo veste Prada 2, il giornalismo duro e puro in crisi e la schiavit\u00f9 delle views\" class=\"wp-image-1298870 lazyload\" title=\"Il diavolo veste Prada 2, il giornalismo duro e puro in crisi e la schiavit\u00f9 delle views\" data-src=\"https:\/\/www.lettera43.it\/wp-content\/uploads\/2026\/04\/Il-diavolo-veste-Prada-2-il-giornalismo-duro-e-puro-in-crisi-e-la-schiavitu-delle-views-1.jpg\" loading=\"lazy\" data-has-syndication-rights=\"1\" data-licensor-name=\"Lettera43\" srcset=\"https:\/\/www.lettera43.it\/wp-content\/uploads\/2026\/04\/Il-diavolo-veste-Prada-2-il-giornalismo-duro-e-puro-in-crisi-e-la-schiavitu-delle-views-1.jpg 1200w, https:\/\/www.lettera43.it\/wp-content\/uploads\/2026\/04\/Il-diavolo-veste-Prada-2-il-giornalismo-duro-e-puro-in-crisi-e-la-schiavitu-delle-views-1-800x533.jpg 800w, https:\/\/www.lettera43.it\/wp-content\/uploads\/2026\/04\/Il-diavolo-veste-Prada-2-il-giornalismo-duro-e-puro-in-crisi-e-la-schiavitu-delle-views-1-390x260.jpg 390w\" sizes=\"auto, (max-width: 1200px) 100vw, 1200px\" \/><\/a><figcaption class=\"wp-element-caption\">Stanley Tucci e Anne Hathaway nel film.<\/figcaption><\/figure>\n\n\n<p>Quindi che fine far\u00e0 l\u2019editoria? Beh, non ci sono molte strade, come racconta il film. O ci si rifugia in modelli di grande successo tipo l\u2019<em>Economist<\/em> o il <em>New York Times<\/em>, con grandi gruppi dove per\u00f2 un manipolo di <strong>azionisti<\/strong> illuminati conserva azioni di classe B, non contendibili, per governare l\u2019indirizzo editoriale delle attivit\u00e0; oppure si trova un <strong>miliardario appassionato<\/strong> che compra e lascia mano libera a direttori e giornalisti. L&#8217;antica formula dell\u2019imprenditore che si compra i media non per il <strong>business<\/strong> in s\u00e9, ma per appoggiare e fare <strong>lobbying<\/strong> a favore delle altre sue attivit\u00e0 sembra invece avere i giorni contati (in <strong>Italia<\/strong>, tuttavia, sembra essere un grimaldello che va ancora di moda).<\/p>\n\n\n\n<h2 class=\"wp-block-heading\">\u00abIl primo iPhone \u00e8 stato in qualche modo l\u2019inizio della fine\u00bb<\/h2>\n\n\n\n<p>Di sicuro la <strong>rivoluzione<\/strong> che si \u00e8 abbattuta sull\u2019editoria \u00e8 stata anche la molla per avviare, 20 anni dopo, la realizzazione del <strong>sequel<\/strong> de <em>Il diavolo veste Prada<\/em>. Come spiega infatti il regista di entrambi i film, <strong>David Frankel<\/strong>, \u00abil mondo del giornalismo cartaceo \u00e8 cambiato. Tutto il mondo \u00e8 cambiato. Per mettere le cose in prospettiva, il primo <strong>iPhone<\/strong> \u00e8 uscito soltanto un anno dopo il primo film e penso che quello sia stato in qualche modo <strong>l\u2019inizio della fine<\/strong>. Mentre vedevamo il mondo del giornalismo cartaceo sempre pi\u00f9 in declino anno dopo anno, ci sembrava sensato esplorare questo cambiamento e sviluppare una storia in cui questi personaggi finissero nuovamente per interagire. Volevamo esplorare i <strong>compromessi<\/strong> a cui loro devono scendere per mantenere le proprie carriere. Se il primo film era un <strong>romanzo di formazione<\/strong> in cui una giovane donna (Anne Hathaway, <em>ndr<\/em>) scopriva il proprio posto nel mondo, il sequel parla di una donna matura che affronta tutte le scelte che ha compiuto nella propria vita\u00bb.<\/p>\n\n\n<figure class=\"wp-block-image size-full\"><a href=\"https:\/\/www.lettera43.it\/galleria\/1298801\/1298872\"><img data-has-syndication-rights=\"1\" data-portal-copyright=\"Lettera43\" data-licensor-name=\"Lettera43\" decoding=\"async\" width=\"1200\" height=\"852\" src=\"https:\/\/www.lettera43.it\/wp-content\/uploads\/2026\/04\/Il-diavolo-veste-Prada-2-il-giornalismo-duro-e-puro-in-crisi-e-la-schiavitu-delle-views-4.jpg\" alt=\"Il diavolo veste Prada 2, il giornalismo duro e puro in crisi e la schiavit\u00f9 delle views\" class=\"wp-image-1298872 lazyload\" title=\"Il diavolo veste Prada 2, il giornalismo duro e puro in crisi e la schiavit\u00f9 delle views\" data-src=\"https:\/\/www.lettera43.it\/wp-content\/uploads\/2026\/04\/Il-diavolo-veste-Prada-2-il-giornalismo-duro-e-puro-in-crisi-e-la-schiavitu-delle-views-4.jpg\" loading=\"lazy\" data-has-syndication-rights=\"1\" data-licensor-name=\"Lettera43\" srcset=\"https:\/\/www.lettera43.it\/wp-content\/uploads\/2026\/04\/Il-diavolo-veste-Prada-2-il-giornalismo-duro-e-puro-in-crisi-e-la-schiavitu-delle-views-4.jpg 1200w, https:\/\/www.lettera43.it\/wp-content\/uploads\/2026\/04\/Il-diavolo-veste-Prada-2-il-giornalismo-duro-e-puro-in-crisi-e-la-schiavitu-delle-views-4-800x568.jpg 800w, https:\/\/www.lettera43.it\/wp-content\/uploads\/2026\/04\/Il-diavolo-veste-Prada-2-il-giornalismo-duro-e-puro-in-crisi-e-la-schiavitu-delle-views-4-390x277.jpg 390w\" sizes=\"auto, (max-width: 1200px) 100vw, 1200px\" \/><\/a><figcaption class=\"wp-element-caption\">Anne Hathaway e Meryl Streep.<\/figcaption><\/figure>\n\n\n<p>Insomma \u00abil <strong>cambiamento<\/strong> \u00e8 ovviamente qualcosa che tutti noi sperimentiamo nelle nostre carriere professionali, e il modo in cui lo affrontiamo \u00e8 una priorit\u00e0 assoluta; \u00e8 una sfida che tutti i nostri personaggi devono superare, ma per Miranda la parola chiave era <strong>eredit\u00e0<\/strong>, <em>heritage<\/em>. Come si fa a mantenere in vita qualcosa quando la sua <strong>influenza<\/strong> e la sua importanza culturale stanno svanendo? Come far s\u00ec che una testata che \u00e8 chiaramente un <em>heritage<\/em> continui ad avere un significato per le persone? Si tratta anche della sua eredit\u00e0 personale. Se questo \u00e8 ci\u00f2 che ha fatto nella sua vita, lei deve trovare come vorrebbe che le persone ricordassero i suoi successi una volta che avr\u00e0 smesso di farlo\u00bb.<\/p>\n\n\n\n<h2 class=\"wp-block-heading\">\u00abSono cambiate cos\u00ec tante cose nel mondo dell&#8217;editoria&#8230;\u00bb<\/h2>\n\n\n\n<p>Anche per <strong>Meryl Streep<\/strong> il cambiamento dell\u2019editoria \u00e8 stato lo spunto fondamentale per convincerla a interpretare il sequel: \u00abIl motivo per cui oggi il film ha senso \u00e8 che sono cambiate cos\u00ec tante cose nel mondo delle <strong>riviste<\/strong>, in quello dell&#8217;editoria e nel giornalismo in generale. Il settore si \u00e8 praticamente dissolto, al punto che tutti stanno cercando di capire come farlo funzionare. Ed \u00e8 in quell\u2019atmosfera che entrano in gioco la tensione e la trama, e vengono messe in luce tutte le cose che le persone devono fare per tenere a galla la barca in questi tempi cos\u00ec turbolenti. Quello del 2006 era un film su una donna a capo di una <strong>grande azienda<\/strong>, e i personaggi principali erano donne, per di pi\u00f9 donne ambiziose. Quindi era tutto nuovo e divertente. Ora penso che sia ancora rilevante esplorare come le donne ricoprano ruoli di <strong>leadership<\/strong> e in quali modi. Il mondo \u00e8 turbolento e piuttosto cupo. Le notizie sono deprimenti, ed \u00e8 fantastico avere qualcosa che ci ricordi tutto ci\u00f2 che c\u2019\u00e8 di meraviglioso, libero, bello e sciocco nel mondo\u00bb.<\/p>\n","protected":false},"excerpt":{"rendered":"<p>Il film offre un ritratto spietato di com&#8217;\u00e8 cambiata l\u2019editoria. Dove influencer e content creator hanno spazzato vecchie competenze. Pubblicit\u00e0 in calo, regole woke, dittatura social: pi\u00f9 che una sceneggiatura \u00e8 l&#8217;analisi di un settore&#8230;<\/p>\n","protected":false},"author":4,"featured_media":0,"comment_status":"closed","ping_status":"closed","sticky":false,"template":"","format":"standard","meta":{"om_disable_all_campaigns":false,"_monsterinsights_skip_tracking":false,"_monsterinsights_sitenote_active":false,"_monsterinsights_sitenote_note":"","_monsterinsights_sitenote_category":0,"footnotes":""},"categories":[203],"tags":[],"class_list":["post-828384","post","type-post","status-publish","format-standard","hentry","category-spettacolo"],"aioseo_notices":[],"_links":{"self":[{"href":"https:\/\/nugnes.com\/index.php?rest_route=\/wp\/v2\/posts\/828384","targetHints":{"allow":["GET"]}}],"collection":[{"href":"https:\/\/nugnes.com\/index.php?rest_route=\/wp\/v2\/posts"}],"about":[{"href":"https:\/\/nugnes.com\/index.php?rest_route=\/wp\/v2\/types\/post"}],"author":[{"embeddable":true,"href":"https:\/\/nugnes.com\/index.php?rest_route=\/wp\/v2\/users\/4"}],"replies":[{"embeddable":true,"href":"https:\/\/nugnes.com\/index.php?rest_route=%2Fwp%2Fv2%2Fcomments&post=828384"}],"version-history":[{"count":1,"href":"https:\/\/nugnes.com\/index.php?rest_route=\/wp\/v2\/posts\/828384\/revisions"}],"predecessor-version":[{"id":828385,"href":"https:\/\/nugnes.com\/index.php?rest_route=\/wp\/v2\/posts\/828384\/revisions\/828385"}],"wp:attachment":[{"href":"https:\/\/nugnes.com\/index.php?rest_route=%2Fwp%2Fv2%2Fmedia&parent=828384"}],"wp:term":[{"taxonomy":"category","embeddable":true,"href":"https:\/\/nugnes.com\/index.php?rest_route=%2Fwp%2Fv2%2Fcategories&post=828384"},{"taxonomy":"post_tag","embeddable":true,"href":"https:\/\/nugnes.com\/index.php?rest_route=%2Fwp%2Fv2%2Ftags&post=828384"}],"curies":[{"name":"wp","href":"https:\/\/api.w.org\/{rel}","templated":true}]}}