{"id":828396,"date":"2026-04-29T07:43:00","date_gmt":"2026-04-29T07:43:00","guid":{"rendered":"https:\/\/www.lettera43.it\/?p=1298958"},"modified":"2026-04-29T07:43:00","modified_gmt":"2026-04-29T07:43:00","slug":"mandato-di-arresto-per-james-comey-ex-direttore-dellfbi","status":"publish","type":"post","link":"https:\/\/nugnes.com\/?p=828396","title":{"rendered":"Mandato di arresto per James Comey, ex direttore dell\u2019Fbi"},"content":{"rendered":"\n<p>Per l&#8217;ex direttore dell&#8217;Fbi <strong>James Comey<\/strong> \u00e8 stato emesso un <strong>mandato d&#8217;arresto<\/strong> con l&#8217;accusa di \u00ab<strong>minaccia alla vita <\/strong>e all&#8217;integrit\u00e0 fisica del presidente degli Stati Uniti\u00bb <strong>Donald Trump<\/strong>. Lo ha annunciato il ministro della Giustizia ad interim Todd Blanche. Comey, nominato da Barack Obama e confermato dal tycoon durante il suo primo mandato, \u00e8 stato accusato per un post sul Instagram di un anno fa in cui si vedeva una serie di conchiglie a formare i numeri &#8220;<strong>86 47<\/strong>&#8220;, accompagnata dal commento \u00abuna curiosa formazione di conchiglie durante la mia passeggiata in spiaggia\u00bb. Nel gergo della ristorazione, il numero &#8220;86&#8221; indica l&#8217;atto di eliminare o rimuovere definitivamente una voce dal menu, mentre il &#8220;47&#8221; farebbe riferimento, secondo le accuse, al 47\u00b0 presidente Usa, Trump. <\/p>\n\n\n<figure class=\"wp-block-image size-full\"><a href=\"https:\/\/www.lettera43.it\/galleria\/1298958\/1298967\"><img data-has-syndication-rights=\"1\" data-portal-copyright=\"Lettera43\" data-licensor-name=\"Lettera43\" decoding=\"async\" width=\"879\" height=\"1200\" src=\"https:\/\/www.lettera43.it\/wp-content\/uploads\/2026\/04\/Mandato-di-arresto-per-James-Comey-ex-direttore-dellFbi.jpg\" alt=\"Mandato di arresto per James Comey, ex direttore dell\u2019Fbi\" class=\"wp-image-1298967 lazyload\" title=\"Mandato di arresto per James Comey, ex direttore dell\u2019Fbi\" data-src=\"https:\/\/www.lettera43.it\/wp-content\/uploads\/2026\/04\/Mandato-di-arresto-per-James-Comey-ex-direttore-dellFbi.jpg\" loading=\"lazy\" data-has-syndication-rights=\"1\" data-licensor-name=\"Lettera43\" srcset=\"https:\/\/www.lettera43.it\/wp-content\/uploads\/2026\/04\/Mandato-di-arresto-per-James-Comey-ex-direttore-dellFbi.jpg 879w, https:\/\/www.lettera43.it\/wp-content\/uploads\/2026\/04\/Mandato-di-arresto-per-James-Comey-ex-direttore-dellFbi-800x1092.jpg 800w, https:\/\/www.lettera43.it\/wp-content\/uploads\/2026\/04\/Mandato-di-arresto-per-James-Comey-ex-direttore-dellFbi-390x532.jpg 390w\" sizes=\"auto, (max-width: 879px) 100vw, 879px\" \/><\/a><figcaption class=\"wp-element-caption\">Il post Instagram.<\/figcaption><\/figure>\n\n\n<h2 class=\"wp-block-heading\">I capi di imputazione <\/h2>\n\n\n\n<p>Il post, poi cancellato da Comey con la giustificazione di \u00abnon essersi reso conto che alcune persone associano quei numeri alla violenza\u00bb e di essere \u00ab<strong>contrario alla violenza <\/strong>di qualsiasi tipo\u00bb, fu subito interpretato dai repubblicani come una minaccia contro The Donald. Di qui la mossa di un gran giur\u00ec del Distretto orientale della North Carolina che, marted\u00ec 28 aprile 2026, ha emesso un atto d&#8217;accusa per due capi d&#8217;imputazione. Il primo \u00e8 di aver minacciato con consapevolezza e volont\u00e0 \u00abdi uccidere e di infliggere lesioni fisiche\u00bb al presidente americano, mentre il secondo \u00e8 di \u00abaver trasmesso consapevolmente e volontariamente una comunicazione interstatale contenente una minaccia di morte\u00bb a Trump.<\/p>\n\n\n\n<h2 class=\"wp-block-heading\">Comey: \u00abNon finir\u00e0 qui, sono innocente\u00bb<\/h2>\n\n\n\n<p>Dal canto suo, Comey ha ribadito la sua <strong>innocenza<\/strong> e si \u00e8 detto <strong>fiducioso che sar\u00e0 scagionato<\/strong> in tribunale in un video pubblicato su Substack: \u00abNon finir\u00e0 qui. Tuttavia, per quanto mi riguarda, nulla \u00e8 cambiato. <strong>Sono ancora innocente<\/strong>. Non ho ancora paura. E continuo a credere nell&#8217;indipendenza della magistratura federale. \u00c8 per\u00f2 fondamentale che tutti noi ricordiamo una cosa, che questo <strong>non \u00e8 il modo in cui il dipartimento di Giustizia dovrebbe operare<\/strong>. La buona notizia \u00e8 che, giorno dopo giorno, ci avviciniamo sempre pi\u00f9 al ripristino di quei valori. Non perdete la speranza\u00bb. <\/p>\n","protected":false},"excerpt":{"rendered":"<p>L&#8217;accusa \u00e8 di aver \u00abminacciato alla vita e all&#8217;integrit\u00e0 fisica del presidente degli Stati Uniti\u00bb Donald Trump. Nel mirino un post Instagram con i numeri &#8220;86 47&#8221;.<\/p>\n","protected":false},"author":4,"featured_media":0,"comment_status":"closed","ping_status":"closed","sticky":false,"template":"","format":"standard","meta":{"om_disable_all_campaigns":false,"_monsterinsights_skip_tracking":false,"_monsterinsights_sitenote_active":false,"_monsterinsights_sitenote_note":"","_monsterinsights_sitenote_category":0,"footnotes":""},"categories":[20,1612],"tags":[],"class_list":["post-828396","post","type-post","status-publish","format-standard","hentry","category-esteri","category-ultima-ora"],"aioseo_notices":[],"_links":{"self":[{"href":"https:\/\/nugnes.com\/index.php?rest_route=\/wp\/v2\/posts\/828396","targetHints":{"allow":["GET"]}}],"collection":[{"href":"https:\/\/nugnes.com\/index.php?rest_route=\/wp\/v2\/posts"}],"about":[{"href":"https:\/\/nugnes.com\/index.php?rest_route=\/wp\/v2\/types\/post"}],"author":[{"embeddable":true,"href":"https:\/\/nugnes.com\/index.php?rest_route=\/wp\/v2\/users\/4"}],"replies":[{"embeddable":true,"href":"https:\/\/nugnes.com\/index.php?rest_route=%2Fwp%2Fv2%2Fcomments&post=828396"}],"version-history":[{"count":1,"href":"https:\/\/nugnes.com\/index.php?rest_route=\/wp\/v2\/posts\/828396\/revisions"}],"predecessor-version":[{"id":828397,"href":"https:\/\/nugnes.com\/index.php?rest_route=\/wp\/v2\/posts\/828396\/revisions\/828397"}],"wp:attachment":[{"href":"https:\/\/nugnes.com\/index.php?rest_route=%2Fwp%2Fv2%2Fmedia&parent=828396"}],"wp:term":[{"taxonomy":"category","embeddable":true,"href":"https:\/\/nugnes.com\/index.php?rest_route=%2Fwp%2Fv2%2Fcategories&post=828396"},{"taxonomy":"post_tag","embeddable":true,"href":"https:\/\/nugnes.com\/index.php?rest_route=%2Fwp%2Fv2%2Ftags&post=828396"}],"curies":[{"name":"wp","href":"https:\/\/api.w.org\/{rel}","templated":true}]}}