{"id":828416,"date":"2026-04-29T12:30:06","date_gmt":"2026-04-29T12:30:06","guid":{"rendered":"https:\/\/www.lettera43.it\/?p=1298984"},"modified":"2026-04-29T12:30:06","modified_gmt":"2026-04-29T12:30:06","slug":"il-trasloco-dei-vannacciani-in-aula-irrita-qualcuno-il-link-tra-tinto-brass-e-laffaire-minetti-e-le-altre-pillole","status":"publish","type":"post","link":"https:\/\/nugnes.com\/?p=828416","title":{"rendered":"Il trasloco dei vannacciani in Aula irrita qualcuno, il link tra Tinto Brass e l\u2019affaire Minetti e le altre pillole"},"content":{"rendered":"\n<p>Piccoli ma ingombranti traslochi alla <strong>Camera<\/strong>. Da circa un mese i tre deputati di <strong><a href=\"https:\/\/www.lettera43.it\/roberto-vannacci-marchio-futuro-nazionale\/\"  rel=\"noreferrer noopener\">Futuro Nazionale<\/a><\/strong>, il <a href=\"https:\/\/www.lettera43.it\/punti-manifesto-futuro-nazionale-vannacci-destra-vitale\/\"  rel=\"noreferrer noopener\">partito di <strong>Roberto Vannacci<\/strong><\/a> a cui hanno aderito <a href=\"https:\/\/www.lettera43.it\/ziello-sasso-lasciano-lega-passano-vannacci\/\"  rel=\"noreferrer noopener\">gli ex leghisti <strong>Edoardo Ziello<\/strong>, <strong>Rossano Sasso<\/strong><\/a> e il &#8220;pistolero&#8221; <strong><a href=\"https:\/\/www.lettera43.it\/ex-fdi-pozzolo-aderisce-partito-vannacci-futuro-nazionale\/\"  rel=\"noreferrer noopener\">Emanuele Pozzolo<\/a><\/strong>, ex meloniano famoso per essere stato coinvolto nel caso dello <a href=\"https:\/\/www.lettera43.it\/emanuele-pozzolo-delmastro-sparo-capodanno-campana-scorta-morello\/\"  rel=\"noreferrer noopener\">sparo di <strong>Capodanno<\/strong><\/a>, per cui \u00e8 stato <a href=\"https:\/\/www.lettera43.it\/pozzolo-espulso-fratelli-italia\/\"  rel=\"noreferrer noopener\">espulso da <strong>Fratelli d&#8217;Italia<\/strong><\/a> e poi anche <strong><a href=\"https:\/\/www.lettera43.it\/sparo-capodanno-condanna-emanuele-pozzolo\/\"  rel=\"noreferrer noopener\">condannato<\/a><\/strong>, avevano chiesto di essere spostati. Da quando sono diventati parte del <strong>gruppo Misto<\/strong> si trovavano dalla parte dell&#8217;emiciclo a sinistra della presidenza, dove siedono le <strong>opposizioni<\/strong>, e volevano trasferirsi nella &#8220;fetta&#8221; di Aula a destra, in cui \u00e8 sistemata la <strong>maggioranza<\/strong> (anche se poi, <a href=\"https:\/\/www.lettera43.it\/decreto-bollette-deputati-vannacci-futuro-nazionale-votano-contro-fiducia-governo\/\"  rel=\"noreferrer noopener\">come nel caso del <strong>decreto bollette<\/strong><\/a>, non disdegnano di votare contro il governo). A ogni modo, detto fatto: sono stati sistemati sopra i vecchi amici della <strong>Lega<\/strong>, al fianco di&#8230; <strong>Noi moderati<\/strong>. Anche se i vannacciani proprio moderati non sono. E infatti il trasloco non \u00e8 stato particolarmente gradito alla segretaria di Noi moderati <strong><a href=\"https:\/\/www.lettera43.it\/azione-addio-gelmini-mara-carfagna-giusy-versace-carlo-calenda\/\"  rel=\"noreferrer noopener\">Mara Carfagna<\/a><\/strong>, che nella seduta del 29 aprile ha addirittura cambiato posto. Mara non vuole apparire nelle immagini vicino a loro, \u00e8 il gossip che circola in <strong>Transatlantico<\/strong>&#8230;<\/p>\n\n\n<div class=\"swiper-container\"><div class=\"swiper-wrapper\"><div class=\"swiper-slide\"><figure class=\"wp-block-image size-large\"><a href=\"https:\/\/www.lettera43.it\/galleria\/1298984\/1299080\"><img data-has-syndication-rights=\"1\" data-portal-copyright=\"Lettera43\" data-licensor-name=\"Lettera43\" decoding=\"async\" width=\"1200\" height=\"800\" data-id=\"1299080\" src=\"https:\/\/www.lettera43.it\/wp-content\/uploads\/2026\/04\/Il-trasloco-dei-vannacciani-in-Aula-irrita-qualcuno-il-link-tra-Tinto-Brass-e-laffaire-Minetti-e-le-altre-pillole-5.jpg\" alt=\"Il trasloco dei vannacciani in Aula irrita qualcuno, il link tra Tinto Brass e l\u2019affaire Minetti e le altre pillole\" class=\"wp-image-1299080 lazyload\" title=\"Il trasloco dei vannacciani in Aula irrita qualcuno, il link tra Tinto Brass e l\u2019affaire Minetti e le altre pillole\" data-src=\"https:\/\/www.lettera43.it\/wp-content\/uploads\/2026\/04\/Il-trasloco-dei-vannacciani-in-Aula-irrita-qualcuno-il-link-tra-Tinto-Brass-e-laffaire-Minetti-e-le-altre-pillole-5.jpg\" loading=\"lazy\" data-has-syndication-rights=\"1\" data-licensor-name=\"Lettera43\" srcset=\"https:\/\/www.lettera43.it\/wp-content\/uploads\/2026\/04\/Il-trasloco-dei-vannacciani-in-Aula-irrita-qualcuno-il-link-tra-Tinto-Brass-e-laffaire-Minetti-e-le-altre-pillole-5.jpg 1200w, https:\/\/www.lettera43.it\/wp-content\/uploads\/2026\/04\/Il-trasloco-dei-vannacciani-in-Aula-irrita-qualcuno-il-link-tra-Tinto-Brass-e-laffaire-Minetti-e-le-altre-pillole-5-800x533.jpg 800w, https:\/\/www.lettera43.it\/wp-content\/uploads\/2026\/04\/Il-trasloco-dei-vannacciani-in-Aula-irrita-qualcuno-il-link-tra-Tinto-Brass-e-laffaire-Minetti-e-le-altre-pillole-5-390x260.jpg 390w\" sizes=\"auto, (max-width: 1200px) 100vw, 1200px\" \/><\/a><\/figure><\/div><div class=\"swiper-slide\"><figure class=\"wp-block-image size-large\"><a href=\"https:\/\/www.lettera43.it\/galleria\/1298984\/1294453\"><img data-has-syndication-rights=\"1\" data-portal-copyright=\"Lettera43\" data-licensor-name=\"Lettera43\" decoding=\"async\" width=\"1200\" height=\"800\" data-id=\"1294453\" src=\"https:\/\/www.lettera43.it\/wp-content\/uploads\/2026\/03\/Imagoeconomica_2688779.jpg\" alt=\"Il trasloco dei vannacciani in Aula irrita qualcuno, il link tra Tinto Brass e l\u2019affaire Minetti e le altre pillole\" class=\"wp-image-1294453 lazyload\" title=\"Il trasloco dei vannacciani in Aula irrita qualcuno, il link tra Tinto Brass e l\u2019affaire Minetti e le altre pillole\" data-src=\"https:\/\/www.lettera43.it\/wp-content\/uploads\/2026\/03\/Imagoeconomica_2688779.jpg\" loading=\"lazy\" data-has-syndication-rights=\"1\" data-licensor-name=\"Lettera43\" srcset=\"https:\/\/www.lettera43.it\/wp-content\/uploads\/2026\/03\/Imagoeconomica_2688779.jpg 1200w, https:\/\/www.lettera43.it\/wp-content\/uploads\/2026\/03\/Imagoeconomica_2688779-800x533.jpg 800w, https:\/\/www.lettera43.it\/wp-content\/uploads\/2026\/03\/Imagoeconomica_2688779-390x260.jpg 390w\" sizes=\"auto, (max-width: 1200px) 100vw, 1200px\" \/><\/a><\/figure><\/div><div class=\"swiper-slide\"><figure class=\"wp-block-image size-large\"><a href=\"https:\/\/www.lettera43.it\/galleria\/1298984\/1286542\"><img data-has-syndication-rights=\"1\" data-portal-copyright=\"Lettera43\" data-licensor-name=\"Lettera43\" decoding=\"async\" width=\"1200\" height=\"800\" data-id=\"1286542\" src=\"https:\/\/www.lettera43.it\/wp-content\/uploads\/2026\/02\/Un-centrodestra-versione-campo-largo-Meloni-e-la-bega-Vannacci-dfg.jpg\" alt=\"Il trasloco dei vannacciani in Aula irrita qualcuno, il link tra Tinto Brass e l\u2019affaire Minetti e le altre pillole\" class=\"wp-image-1286542 lazyload\" title=\"Il trasloco dei vannacciani in Aula irrita qualcuno, il link tra Tinto Brass e l\u2019affaire Minetti e le altre pillole\" data-src=\"https:\/\/www.lettera43.it\/wp-content\/uploads\/2026\/02\/Un-centrodestra-versione-campo-largo-Meloni-e-la-bega-Vannacci-dfg.jpg\" loading=\"lazy\" data-has-syndication-rights=\"1\" data-licensor-name=\"Lettera43\" srcset=\"https:\/\/www.lettera43.it\/wp-content\/uploads\/2026\/02\/Un-centrodestra-versione-campo-largo-Meloni-e-la-bega-Vannacci-dfg.jpg 1200w, https:\/\/www.lettera43.it\/wp-content\/uploads\/2026\/02\/Un-centrodestra-versione-campo-largo-Meloni-e-la-bega-Vannacci-dfg-800x533.jpg 800w, https:\/\/www.lettera43.it\/wp-content\/uploads\/2026\/02\/Un-centrodestra-versione-campo-largo-Meloni-e-la-bega-Vannacci-dfg-390x260.jpg 390w\" sizes=\"auto, (max-width: 1200px) 100vw, 1200px\" \/><\/a><\/figure><\/div><div class=\"swiper-slide\"><figure class=\"wp-block-image size-large\"><a href=\"https:\/\/www.lettera43.it\/galleria\/1298984\/1285114\"><img data-has-syndication-rights=\"1\" data-portal-copyright=\"Lettera43\" data-licensor-name=\"Lettera43\" decoding=\"async\" width=\"802\" height=\"542\" data-id=\"1285114\" src=\"https:\/\/www.lettera43.it\/wp-content\/uploads\/2026\/02\/Ziello-e-Sasso-lasciano-la-Lega-e-passano-con-Vannacci-e1770384139103.jpg\" alt=\"Il trasloco dei vannacciani in Aula irrita qualcuno, il link tra Tinto Brass e l\u2019affaire Minetti e le altre pillole\" class=\"wp-image-1285114 lazyload\" title=\"Il trasloco dei vannacciani in Aula irrita qualcuno, il link tra Tinto Brass e l\u2019affaire Minetti e le altre pillole\" data-src=\"https:\/\/www.lettera43.it\/wp-content\/uploads\/2026\/02\/Ziello-e-Sasso-lasciano-la-Lega-e-passano-con-Vannacci-e1770384139103.jpg\" loading=\"lazy\" data-has-syndication-rights=\"1\" data-licensor-name=\"Lettera43\" srcset=\"https:\/\/www.lettera43.it\/wp-content\/uploads\/2026\/02\/Ziello-e-Sasso-lasciano-la-Lega-e-passano-con-Vannacci-e1770384139103.jpg 802w, https:\/\/www.lettera43.it\/wp-content\/uploads\/2026\/02\/Ziello-e-Sasso-lasciano-la-Lega-e-passano-con-Vannacci-e1770384139103-800x541.jpg 800w, https:\/\/www.lettera43.it\/wp-content\/uploads\/2026\/02\/Ziello-e-Sasso-lasciano-la-Lega-e-passano-con-Vannacci-e1770384139103-390x264.jpg 390w\" sizes=\"auto, (max-width: 802px) 100vw, 802px\" \/><\/a><\/figure><\/div><div class=\"swiper-slide\"><figure class=\"wp-block-image size-large\"><a href=\"https:\/\/www.lettera43.it\/galleria\/1298984\/1284631\"><img data-has-syndication-rights=\"1\" data-portal-copyright=\"Lettera43\" data-licensor-name=\"Lettera43\" decoding=\"async\" width=\"1200\" height=\"799\" data-id=\"1284631\" src=\"https:\/\/www.lettera43.it\/wp-content\/uploads\/2026\/02\/Il-22traditore22-Vannacci-e-le-preoccupazioni-nella-Lega-si-rischia-il-travaso-di-voti-5.jpg\" alt=\"Il trasloco dei vannacciani in Aula irrita qualcuno, il link tra Tinto Brass e l\u2019affaire Minetti e le altre pillole\" class=\"wp-image-1284631 lazyload\" title=\"Il trasloco dei vannacciani in Aula irrita qualcuno, il link tra Tinto Brass e l\u2019affaire Minetti e le altre pillole\" data-src=\"https:\/\/www.lettera43.it\/wp-content\/uploads\/2026\/02\/Il-22traditore22-Vannacci-e-le-preoccupazioni-nella-Lega-si-rischia-il-travaso-di-voti-5.jpg\" loading=\"lazy\" data-has-syndication-rights=\"1\" data-licensor-name=\"Lettera43\" srcset=\"https:\/\/www.lettera43.it\/wp-content\/uploads\/2026\/02\/Il-22traditore22-Vannacci-e-le-preoccupazioni-nella-Lega-si-rischia-il-travaso-di-voti-5.jpg 1200w, https:\/\/www.lettera43.it\/wp-content\/uploads\/2026\/02\/Il-22traditore22-Vannacci-e-le-preoccupazioni-nella-Lega-si-rischia-il-travaso-di-voti-5-800x533.jpg 800w, https:\/\/www.lettera43.it\/wp-content\/uploads\/2026\/02\/Il-22traditore22-Vannacci-e-le-preoccupazioni-nella-Lega-si-rischia-il-travaso-di-voti-5-390x260.jpg 390w\" sizes=\"auto, (max-width: 1200px) 100vw, 1200px\" \/><\/a><\/figure><\/div><div class=\"swiper-slide\"><figure class=\"wp-block-image size-large\"><a href=\"https:\/\/www.lettera43.it\/galleria\/1298984\/1284661\"><img data-has-syndication-rights=\"1\" data-portal-copyright=\"Lettera43\" data-licensor-name=\"Lettera43\" decoding=\"async\" width=\"1200\" height=\"800\" data-id=\"1284661\" src=\"https:\/\/www.lettera43.it\/wp-content\/uploads\/2026\/02\/Lex-Fdi-Pozzolo-aderisce-al-partito-di-Vannacci.jpg\" alt=\"Il trasloco dei vannacciani in Aula irrita qualcuno, il link tra Tinto Brass e l\u2019affaire Minetti e le altre pillole\" class=\"wp-image-1284661 lazyload\" title=\"Il trasloco dei vannacciani in Aula irrita qualcuno, il link tra Tinto Brass e l\u2019affaire Minetti e le altre pillole\" data-src=\"https:\/\/www.lettera43.it\/wp-content\/uploads\/2026\/02\/Lex-Fdi-Pozzolo-aderisce-al-partito-di-Vannacci.jpg\" loading=\"lazy\" data-has-syndication-rights=\"1\" data-licensor-name=\"Lettera43\" srcset=\"https:\/\/www.lettera43.it\/wp-content\/uploads\/2026\/02\/Lex-Fdi-Pozzolo-aderisce-al-partito-di-Vannacci.jpg 1200w, https:\/\/www.lettera43.it\/wp-content\/uploads\/2026\/02\/Lex-Fdi-Pozzolo-aderisce-al-partito-di-Vannacci-800x533.jpg 800w, https:\/\/www.lettera43.it\/wp-content\/uploads\/2026\/02\/Lex-Fdi-Pozzolo-aderisce-al-partito-di-Vannacci-390x260.jpg 390w\" sizes=\"auto, (max-width: 1200px) 100vw, 1200px\" \/><\/a><\/figure><\/div><div class=\"swiper-slide\"><figure class=\"wp-block-image size-large\"><a href=\"https:\/\/www.lettera43.it\/galleria\/1298984\/1150740\"><img data-has-syndication-rights=\"1\" data-portal-copyright=\"Lettera43\" data-licensor-name=\"Lettera43\" decoding=\"async\" width=\"1024\" height=\"683\" data-id=\"1150740\" src=\"https:\/\/www.lettera43.it\/wp-content\/uploads\/2024\/10\/Sparo-di-Capodanno-Emanuele-Pozzolo-rinuncia-al-patteggiamento-1024x683.jpeg\" alt=\"Il trasloco dei vannacciani in Aula irrita qualcuno, il link tra Tinto Brass e l\u2019affaire Minetti e le altre pillole\" class=\"wp-image-1150740 lazyload\" title=\"Il trasloco dei vannacciani in Aula irrita qualcuno, il link tra Tinto Brass e l\u2019affaire Minetti e le altre pillole\" data-src=\"https:\/\/www.lettera43.it\/wp-content\/uploads\/2024\/10\/Sparo-di-Capodanno-Emanuele-Pozzolo-rinuncia-al-patteggiamento-1024x683.jpeg\" loading=\"lazy\" data-has-syndication-rights=\"1\" data-licensor-name=\"Lettera43\" srcset=\"https:\/\/www.lettera43.it\/wp-content\/uploads\/2024\/10\/Sparo-di-Capodanno-Emanuele-Pozzolo-rinuncia-al-patteggiamento-1024x683.jpeg 1024w, https:\/\/www.lettera43.it\/wp-content\/uploads\/2024\/10\/Sparo-di-Capodanno-Emanuele-Pozzolo-rinuncia-al-patteggiamento-300x200.jpeg 300w, https:\/\/www.lettera43.it\/wp-content\/uploads\/2024\/10\/Sparo-di-Capodanno-Emanuele-Pozzolo-rinuncia-al-patteggiamento-768x512.jpeg 768w, https:\/\/www.lettera43.it\/wp-content\/uploads\/2024\/10\/Sparo-di-Capodanno-Emanuele-Pozzolo-rinuncia-al-patteggiamento.jpeg 1200w\" sizes=\"auto, (max-width: 1024px) 100vw, 1024px\" \/><\/a><\/figure><\/div><div class=\"swiper-slide\"><figure class=\"wp-block-image size-large\"><a href=\"https:\/\/www.lettera43.it\/galleria\/1298984\/1098634\"><img data-has-syndication-rights=\"1\" data-portal-copyright=\"Lettera43\" data-licensor-name=\"Lettera43\" decoding=\"async\" width=\"1024\" height=\"682\" data-id=\"1098634\" src=\"https:\/\/www.lettera43.it\/wp-content\/uploads\/2024\/04\/Caso-Pozzolo-indagini-chiuse-la-Procura-conferma-lipotesi-iniziale-2-1024x682.jpg\" alt=\"Il trasloco dei vannacciani in Aula irrita qualcuno, il link tra Tinto Brass e l\u2019affaire Minetti e le altre pillole\" class=\"wp-image-1098634 lazyload\" title=\"Il trasloco dei vannacciani in Aula irrita qualcuno, il link tra Tinto Brass e l\u2019affaire Minetti e le altre pillole\" data-src=\"https:\/\/www.lettera43.it\/wp-content\/uploads\/2024\/04\/Caso-Pozzolo-indagini-chiuse-la-Procura-conferma-lipotesi-iniziale-2-1024x682.jpg\" loading=\"lazy\" data-has-syndication-rights=\"1\" data-licensor-name=\"Lettera43\" srcset=\"https:\/\/www.lettera43.it\/wp-content\/uploads\/2024\/04\/Caso-Pozzolo-indagini-chiuse-la-Procura-conferma-lipotesi-iniziale-2-1024x682.jpg 1024w, https:\/\/www.lettera43.it\/wp-content\/uploads\/2024\/04\/Caso-Pozzolo-indagini-chiuse-la-Procura-conferma-lipotesi-iniziale-2-300x200.jpg 300w, https:\/\/www.lettera43.it\/wp-content\/uploads\/2024\/04\/Caso-Pozzolo-indagini-chiuse-la-Procura-conferma-lipotesi-iniziale-2-768x512.jpg 768w, https:\/\/www.lettera43.it\/wp-content\/uploads\/2024\/04\/Caso-Pozzolo-indagini-chiuse-la-Procura-conferma-lipotesi-iniziale-2.jpg 1200w\" sizes=\"auto, (max-width: 1024px) 100vw, 1024px\" \/><\/a><\/figure><\/div><div class=\"swiper-slide\"><figure class=\"wp-block-image size-large\"><a href=\"https:\/\/www.lettera43.it\/galleria\/1298984\/1255616\"><img data-has-syndication-rights=\"1\" data-portal-copyright=\"Lettera43\" data-licensor-name=\"Lettera43\" decoding=\"async\" width=\"1200\" height=\"800\" data-id=\"1255616\" src=\"https:\/\/www.lettera43.it\/wp-content\/uploads\/2025\/10\/corridoi-3.jpg\" alt=\"Il trasloco dei vannacciani in Aula irrita qualcuno, il link tra Tinto Brass e l\u2019affaire Minetti e le altre pillole\" class=\"wp-image-1255616 lazyload\" title=\"Il trasloco dei vannacciani in Aula irrita qualcuno, il link tra Tinto Brass e l\u2019affaire Minetti e le altre pillole\" data-src=\"https:\/\/www.lettera43.it\/wp-content\/uploads\/2025\/10\/corridoi-3.jpg\" loading=\"lazy\" data-has-syndication-rights=\"1\" data-licensor-name=\"Lettera43\" srcset=\"https:\/\/www.lettera43.it\/wp-content\/uploads\/2025\/10\/corridoi-3.jpg 1200w, https:\/\/www.lettera43.it\/wp-content\/uploads\/2025\/10\/corridoi-3-800x533.jpg 800w, https:\/\/www.lettera43.it\/wp-content\/uploads\/2025\/10\/corridoi-3-390x260.jpg 390w\" sizes=\"auto, (max-width: 1200px) 100vw, 1200px\" \/><\/a><\/figure><\/div><div class=\"swiper-slide\"><figure class=\"wp-block-image size-large\"><a href=\"https:\/\/www.lettera43.it\/galleria\/1298984\/1252008\"><img data-has-syndication-rights=\"1\" data-portal-copyright=\"Lettera43\" data-licensor-name=\"Lettera43\" decoding=\"async\" width=\"1200\" height=\"778\" data-id=\"1252008\" src=\"https:\/\/www.lettera43.it\/wp-content\/uploads\/2025\/10\/Fuga-da-Noi-Moderati-perche-il-partitino-centrista-di-Lupi-non-ha-piu-senso.jpg\" alt=\"Il trasloco dei vannacciani in Aula irrita qualcuno, il link tra Tinto Brass e l\u2019affaire Minetti e le altre pillole\" class=\"wp-image-1252008 lazyload\" title=\"Il trasloco dei vannacciani in Aula irrita qualcuno, il link tra Tinto Brass e l\u2019affaire Minetti e le altre pillole\" data-src=\"https:\/\/www.lettera43.it\/wp-content\/uploads\/2025\/10\/Fuga-da-Noi-Moderati-perche-il-partitino-centrista-di-Lupi-non-ha-piu-senso.jpg\" loading=\"lazy\" data-has-syndication-rights=\"1\" data-licensor-name=\"Lettera43\" srcset=\"https:\/\/www.lettera43.it\/wp-content\/uploads\/2025\/10\/Fuga-da-Noi-Moderati-perche-il-partitino-centrista-di-Lupi-non-ha-piu-senso.jpg 1200w, https:\/\/www.lettera43.it\/wp-content\/uploads\/2025\/10\/Fuga-da-Noi-Moderati-perche-il-partitino-centrista-di-Lupi-non-ha-piu-senso-800x519.jpg 800w, https:\/\/www.lettera43.it\/wp-content\/uploads\/2025\/10\/Fuga-da-Noi-Moderati-perche-il-partitino-centrista-di-Lupi-non-ha-piu-senso-390x253.jpg 390w, https:\/\/www.lettera43.it\/wp-content\/uploads\/2025\/10\/Fuga-da-Noi-Moderati-perche-il-partitino-centrista-di-Lupi-non-ha-piu-senso-768x498.jpg 768w\" sizes=\"auto, (max-width: 1200px) 100vw, 1200px\" \/><\/a><\/figure><\/div><div class=\"swiper-slide\"><figure class=\"wp-block-image size-large\"><a href=\"https:\/\/www.lettera43.it\/galleria\/1298984\/1252005\"><img data-has-syndication-rights=\"1\" data-portal-copyright=\"Lettera43\" data-licensor-name=\"Lettera43\" decoding=\"async\" width=\"1200\" height=\"799\" data-id=\"1252005\" src=\"https:\/\/www.lettera43.it\/wp-content\/uploads\/2025\/10\/Fuga-da-Noi-Moderati-perche-il-partitino-centrista-di-Lupi-non-ha-piu-senso-8.jpg\" alt=\"Il trasloco dei vannacciani in Aula irrita qualcuno, il link tra Tinto Brass e l\u2019affaire Minetti e le altre pillole\" class=\"wp-image-1252005 lazyload\" title=\"Il trasloco dei vannacciani in Aula irrita qualcuno, il link tra Tinto Brass e l\u2019affaire Minetti e le altre pillole\" data-src=\"https:\/\/www.lettera43.it\/wp-content\/uploads\/2025\/10\/Fuga-da-Noi-Moderati-perche-il-partitino-centrista-di-Lupi-non-ha-piu-senso-8.jpg\" loading=\"lazy\" data-has-syndication-rights=\"1\" data-licensor-name=\"Lettera43\" srcset=\"https:\/\/www.lettera43.it\/wp-content\/uploads\/2025\/10\/Fuga-da-Noi-Moderati-perche-il-partitino-centrista-di-Lupi-non-ha-piu-senso-8.jpg 1200w, https:\/\/www.lettera43.it\/wp-content\/uploads\/2025\/10\/Fuga-da-Noi-Moderati-perche-il-partitino-centrista-di-Lupi-non-ha-piu-senso-8-800x533.jpg 800w, https:\/\/www.lettera43.it\/wp-content\/uploads\/2025\/10\/Fuga-da-Noi-Moderati-perche-il-partitino-centrista-di-Lupi-non-ha-piu-senso-8-390x260.jpg 390w, https:\/\/www.lettera43.it\/wp-content\/uploads\/2025\/10\/Fuga-da-Noi-Moderati-perche-il-partitino-centrista-di-Lupi-non-ha-piu-senso-8-768x511.jpg 768w\" sizes=\"auto, (max-width: 1200px) 100vw, 1200px\" \/><\/a><\/figure><\/div><div class=\"swiper-slide\"><figure class=\"wp-block-image size-large\"><a href=\"https:\/\/www.lettera43.it\/galleria\/1298984\/1252002\"><img data-has-syndication-rights=\"1\" data-portal-copyright=\"Lettera43\" data-licensor-name=\"Lettera43\" decoding=\"async\" width=\"1200\" height=\"1087\" data-id=\"1252002\" src=\"https:\/\/www.lettera43.it\/wp-content\/uploads\/2025\/10\/Fuga-da-Noi-Moderati-perche-il-partitino-centrista-di-Lupi-non-ha-piu-senso-4.jpg\" alt=\"Il trasloco dei vannacciani in Aula irrita qualcuno, il link tra Tinto Brass e l\u2019affaire Minetti e le altre pillole\" class=\"wp-image-1252002 lazyload\" title=\"Il trasloco dei vannacciani in Aula irrita qualcuno, il link tra Tinto Brass e l\u2019affaire Minetti e le altre pillole\" data-src=\"https:\/\/www.lettera43.it\/wp-content\/uploads\/2025\/10\/Fuga-da-Noi-Moderati-perche-il-partitino-centrista-di-Lupi-non-ha-piu-senso-4.jpg\" loading=\"lazy\" data-has-syndication-rights=\"1\" data-licensor-name=\"Lettera43\" srcset=\"https:\/\/www.lettera43.it\/wp-content\/uploads\/2025\/10\/Fuga-da-Noi-Moderati-perche-il-partitino-centrista-di-Lupi-non-ha-piu-senso-4.jpg 1200w, https:\/\/www.lettera43.it\/wp-content\/uploads\/2025\/10\/Fuga-da-Noi-Moderati-perche-il-partitino-centrista-di-Lupi-non-ha-piu-senso-4-800x725.jpg 800w, https:\/\/www.lettera43.it\/wp-content\/uploads\/2025\/10\/Fuga-da-Noi-Moderati-perche-il-partitino-centrista-di-Lupi-non-ha-piu-senso-4-390x353.jpg 390w, https:\/\/www.lettera43.it\/wp-content\/uploads\/2025\/10\/Fuga-da-Noi-Moderati-perche-il-partitino-centrista-di-Lupi-non-ha-piu-senso-4-768x696.jpg 768w\" sizes=\"auto, (max-width: 1200px) 100vw, 1200px\" \/><\/a><\/figure><\/div><div class=\"swiper-slide\"><figure class=\"wp-block-image size-large\"><a href=\"https:\/\/www.lettera43.it\/galleria\/1298984\/1252001\"><img data-has-syndication-rights=\"1\" data-portal-copyright=\"Lettera43\" data-licensor-name=\"Lettera43\" decoding=\"async\" width=\"1200\" height=\"800\" data-id=\"1252001\" src=\"https:\/\/www.lettera43.it\/wp-content\/uploads\/2025\/10\/Fuga-da-Noi-Moderati-perche-il-partitino-centrista-di-Lupi-non-ha-piu-senso-5.jpg\" alt=\"Il trasloco dei vannacciani in Aula irrita qualcuno, il link tra Tinto Brass e l\u2019affaire Minetti e le altre pillole\" class=\"wp-image-1252001 lazyload\" title=\"Il trasloco dei vannacciani in Aula irrita qualcuno, il link tra Tinto Brass e l\u2019affaire Minetti e le altre pillole\" data-src=\"https:\/\/www.lettera43.it\/wp-content\/uploads\/2025\/10\/Fuga-da-Noi-Moderati-perche-il-partitino-centrista-di-Lupi-non-ha-piu-senso-5.jpg\" loading=\"lazy\" data-has-syndication-rights=\"1\" data-licensor-name=\"Lettera43\" srcset=\"https:\/\/www.lettera43.it\/wp-content\/uploads\/2025\/10\/Fuga-da-Noi-Moderati-perche-il-partitino-centrista-di-Lupi-non-ha-piu-senso-5.jpg 1200w, https:\/\/www.lettera43.it\/wp-content\/uploads\/2025\/10\/Fuga-da-Noi-Moderati-perche-il-partitino-centrista-di-Lupi-non-ha-piu-senso-5-800x533.jpg 800w, https:\/\/www.lettera43.it\/wp-content\/uploads\/2025\/10\/Fuga-da-Noi-Moderati-perche-il-partitino-centrista-di-Lupi-non-ha-piu-senso-5-390x260.jpg 390w, https:\/\/www.lettera43.it\/wp-content\/uploads\/2025\/10\/Fuga-da-Noi-Moderati-perche-il-partitino-centrista-di-Lupi-non-ha-piu-senso-5-768x512.jpg 768w\" sizes=\"auto, (max-width: 1200px) 100vw, 1200px\" \/><\/a><\/figure><\/div><div class=\"swiper-slide\"><figure class=\"wp-block-image size-large\"><a href=\"https:\/\/www.lettera43.it\/galleria\/1298984\/1252000\"><img data-has-syndication-rights=\"1\" data-portal-copyright=\"Lettera43\" data-licensor-name=\"Lettera43\" decoding=\"async\" width=\"1200\" height=\"802\" data-id=\"1252000\" src=\"https:\/\/www.lettera43.it\/wp-content\/uploads\/2025\/10\/Fuga-da-Noi-Moderati-perche-il-partitino-centrista-di-Lupi-non-ha-piu-senso-2.jpg\" alt=\"Il trasloco dei vannacciani in Aula irrita qualcuno, il link tra Tinto Brass e l\u2019affaire Minetti e le altre pillole\" class=\"wp-image-1252000 lazyload\" title=\"Il trasloco dei vannacciani in Aula irrita qualcuno, il link tra Tinto Brass e l\u2019affaire Minetti e le altre pillole\" data-src=\"https:\/\/www.lettera43.it\/wp-content\/uploads\/2025\/10\/Fuga-da-Noi-Moderati-perche-il-partitino-centrista-di-Lupi-non-ha-piu-senso-2.jpg\" loading=\"lazy\" data-has-syndication-rights=\"1\" data-licensor-name=\"Lettera43\" srcset=\"https:\/\/www.lettera43.it\/wp-content\/uploads\/2025\/10\/Fuga-da-Noi-Moderati-perche-il-partitino-centrista-di-Lupi-non-ha-piu-senso-2.jpg 1200w, https:\/\/www.lettera43.it\/wp-content\/uploads\/2025\/10\/Fuga-da-Noi-Moderati-perche-il-partitino-centrista-di-Lupi-non-ha-piu-senso-2-800x535.jpg 800w, https:\/\/www.lettera43.it\/wp-content\/uploads\/2025\/10\/Fuga-da-Noi-Moderati-perche-il-partitino-centrista-di-Lupi-non-ha-piu-senso-2-390x261.jpg 390w, https:\/\/www.lettera43.it\/wp-content\/uploads\/2025\/10\/Fuga-da-Noi-Moderati-perche-il-partitino-centrista-di-Lupi-non-ha-piu-senso-2-768x513.jpg 768w\" sizes=\"auto, (max-width: 1200px) 100vw, 1200px\" \/><\/a><\/figure><\/div><div class=\"swiper-slide\"><figure class=\"wp-block-image size-large\"><a href=\"https:\/\/www.lettera43.it\/galleria\/1298984\/1251999\"><img data-has-syndication-rights=\"1\" data-portal-copyright=\"Lettera43\" data-licensor-name=\"Lettera43\" decoding=\"async\" width=\"1200\" height=\"800\" data-id=\"1251999\" src=\"https:\/\/www.lettera43.it\/wp-content\/uploads\/2025\/10\/Fuga-da-Noi-Moderati-perche-il-partitino-centrista-di-Lupi-non-ha-piu-senso-3.jpg\" alt=\"Il trasloco dei vannacciani in Aula irrita qualcuno, il link tra Tinto Brass e l\u2019affaire Minetti e le altre pillole\" class=\"wp-image-1251999 lazyload\" title=\"Il trasloco dei vannacciani in Aula irrita qualcuno, il link tra Tinto Brass e l\u2019affaire Minetti e le altre pillole\" data-src=\"https:\/\/www.lettera43.it\/wp-content\/uploads\/2025\/10\/Fuga-da-Noi-Moderati-perche-il-partitino-centrista-di-Lupi-non-ha-piu-senso-3.jpg\" loading=\"lazy\" data-has-syndication-rights=\"1\" data-licensor-name=\"Lettera43\" srcset=\"https:\/\/www.lettera43.it\/wp-content\/uploads\/2025\/10\/Fuga-da-Noi-Moderati-perche-il-partitino-centrista-di-Lupi-non-ha-piu-senso-3.jpg 1200w, https:\/\/www.lettera43.it\/wp-content\/uploads\/2025\/10\/Fuga-da-Noi-Moderati-perche-il-partitino-centrista-di-Lupi-non-ha-piu-senso-3-800x533.jpg 800w, https:\/\/www.lettera43.it\/wp-content\/uploads\/2025\/10\/Fuga-da-Noi-Moderati-perche-il-partitino-centrista-di-Lupi-non-ha-piu-senso-3-390x260.jpg 390w, https:\/\/www.lettera43.it\/wp-content\/uploads\/2025\/10\/Fuga-da-Noi-Moderati-perche-il-partitino-centrista-di-Lupi-non-ha-piu-senso-3-768x512.jpg 768w\" sizes=\"auto, (max-width: 1200px) 100vw, 1200px\" \/><\/a><\/figure><\/div><div class=\"swiper-slide\"><figure class=\"wp-block-image size-large\"><a href=\"https:\/\/www.lettera43.it\/galleria\/1298984\/1251998\"><img data-has-syndication-rights=\"1\" data-portal-copyright=\"Lettera43\" data-licensor-name=\"Lettera43\" decoding=\"async\" width=\"1200\" height=\"800\" data-id=\"1251998\" src=\"https:\/\/www.lettera43.it\/wp-content\/uploads\/2025\/10\/Fuga-da-Noi-Moderati-perche-il-partitino-centrista-di-Lupi-non-ha-piu-senso-1.jpg\" alt=\"Il trasloco dei vannacciani in Aula irrita qualcuno, il link tra Tinto Brass e l\u2019affaire Minetti e le altre pillole\" class=\"wp-image-1251998 lazyload\" title=\"Il trasloco dei vannacciani in Aula irrita qualcuno, il link tra Tinto Brass e l\u2019affaire Minetti e le altre pillole\" data-src=\"https:\/\/www.lettera43.it\/wp-content\/uploads\/2025\/10\/Fuga-da-Noi-Moderati-perche-il-partitino-centrista-di-Lupi-non-ha-piu-senso-1.jpg\" loading=\"lazy\" data-has-syndication-rights=\"1\" data-licensor-name=\"Lettera43\" srcset=\"https:\/\/www.lettera43.it\/wp-content\/uploads\/2025\/10\/Fuga-da-Noi-Moderati-perche-il-partitino-centrista-di-Lupi-non-ha-piu-senso-1.jpg 1200w, https:\/\/www.lettera43.it\/wp-content\/uploads\/2025\/10\/Fuga-da-Noi-Moderati-perche-il-partitino-centrista-di-Lupi-non-ha-piu-senso-1-800x533.jpg 800w, https:\/\/www.lettera43.it\/wp-content\/uploads\/2025\/10\/Fuga-da-Noi-Moderati-perche-il-partitino-centrista-di-Lupi-non-ha-piu-senso-1-390x260.jpg 390w, https:\/\/www.lettera43.it\/wp-content\/uploads\/2025\/10\/Fuga-da-Noi-Moderati-perche-il-partitino-centrista-di-Lupi-non-ha-piu-senso-1-768x512.jpg 768w\" sizes=\"auto, (max-width: 1200px) 100vw, 1200px\" \/><\/a><\/figure><\/div><div class=\"swiper-slide\"><figure class=\"wp-block-image size-large\"><a href=\"https:\/\/www.lettera43.it\/galleria\/1298984\/1238985\"><img data-has-syndication-rights=\"1\" data-portal-copyright=\"Lettera43\" data-licensor-name=\"Lettera43\" decoding=\"async\" width=\"1024\" height=\"826\" data-id=\"1238985\" src=\"https:\/\/www.lettera43.it\/wp-content\/uploads\/2025\/08\/In-Campania-per-il-dopo-De-Luca-la-destra-pensa-a-Mara-Carfagna-gli-spifferi-del-giorno-5-1024x826.jpg\" alt=\"Il trasloco dei vannacciani in Aula irrita qualcuno, il link tra Tinto Brass e l\u2019affaire Minetti e le altre pillole\" class=\"wp-image-1238985 lazyload\" title=\"Il trasloco dei vannacciani in Aula irrita qualcuno, il link tra Tinto Brass e l\u2019affaire Minetti e le altre pillole\" data-src=\"https:\/\/www.lettera43.it\/wp-content\/uploads\/2025\/08\/In-Campania-per-il-dopo-De-Luca-la-destra-pensa-a-Mara-Carfagna-gli-spifferi-del-giorno-5-1024x826.jpg\" loading=\"lazy\" data-has-syndication-rights=\"1\" data-licensor-name=\"Lettera43\" srcset=\"https:\/\/www.lettera43.it\/wp-content\/uploads\/2025\/08\/In-Campania-per-il-dopo-De-Luca-la-destra-pensa-a-Mara-Carfagna-gli-spifferi-del-giorno-5-1024x826.jpg 1024w, https:\/\/www.lettera43.it\/wp-content\/uploads\/2025\/08\/In-Campania-per-il-dopo-De-Luca-la-destra-pensa-a-Mara-Carfagna-gli-spifferi-del-giorno-5-800x646.jpg 800w, https:\/\/www.lettera43.it\/wp-content\/uploads\/2025\/08\/In-Campania-per-il-dopo-De-Luca-la-destra-pensa-a-Mara-Carfagna-gli-spifferi-del-giorno-5-768x620.jpg 768w, https:\/\/www.lettera43.it\/wp-content\/uploads\/2025\/08\/In-Campania-per-il-dopo-De-Luca-la-destra-pensa-a-Mara-Carfagna-gli-spifferi-del-giorno-5.jpg 1200w\" sizes=\"auto, (max-width: 1024px) 100vw, 1024px\" \/><\/a><\/figure><\/div><div class=\"swiper-slide\"><figure class=\"wp-block-image size-large\"><a href=\"https:\/\/www.lettera43.it\/galleria\/1298984\/1144078\"><img data-has-syndication-rights=\"1\" data-portal-copyright=\"Lettera43\" data-licensor-name=\"Lettera43\" decoding=\"async\" width=\"1024\" height=\"682\" data-id=\"1144078\" src=\"https:\/\/www.lettera43.it\/wp-content\/uploads\/2024\/09\/mara-carfagna-1024x682.jpg\" alt=\"Il trasloco dei vannacciani in Aula irrita qualcuno, il link tra Tinto Brass e l\u2019affaire Minetti e le altre pillole\" class=\"wp-image-1144078 lazyload\" title=\"Il trasloco dei vannacciani in Aula irrita qualcuno, il link tra Tinto Brass e l\u2019affaire Minetti e le altre pillole\" data-src=\"https:\/\/www.lettera43.it\/wp-content\/uploads\/2024\/09\/mara-carfagna-1024x682.jpg\" loading=\"lazy\" data-has-syndication-rights=\"1\" data-licensor-name=\"Lettera43\" srcset=\"https:\/\/www.lettera43.it\/wp-content\/uploads\/2024\/09\/mara-carfagna-1024x682.jpg 1024w, https:\/\/www.lettera43.it\/wp-content\/uploads\/2024\/09\/mara-carfagna-300x200.jpg 300w, https:\/\/www.lettera43.it\/wp-content\/uploads\/2024\/09\/mara-carfagna-768x512.jpg 768w, https:\/\/www.lettera43.it\/wp-content\/uploads\/2024\/09\/mara-carfagna.jpg 1100w\" sizes=\"auto, (max-width: 1024px) 100vw, 1024px\" \/><\/a><\/figure><\/div><div class=\"swiper-slide\"><figure class=\"wp-block-image size-large\"><a href=\"https:\/\/www.lettera43.it\/galleria\/1298984\/916324\"><img data-has-syndication-rights=\"1\" data-portal-copyright=\"Lettera43\" data-licensor-name=\"Lettera43\" decoding=\"async\" width=\"1024\" height=\"682\" data-id=\"916324\" src=\"https:\/\/www.lettera43.it\/wp-content\/uploads\/2019\/11\/mara-carfagna-italia-viva-moderati-1024x682.jpg\" alt=\"Il trasloco dei vannacciani in Aula irrita qualcuno, il link tra Tinto Brass e l\u2019affaire Minetti e le altre pillole\" class=\"wp-image-916324 lazyload\" title=\"Il trasloco dei vannacciani in Aula irrita qualcuno, il link tra Tinto Brass e l\u2019affaire Minetti e le altre pillole\" data-src=\"https:\/\/www.lettera43.it\/wp-content\/uploads\/2019\/11\/mara-carfagna-italia-viva-moderati-1024x682.jpg\" loading=\"lazy\" data-has-syndication-rights=\"1\" data-licensor-name=\"Lettera43\" srcset=\"https:\/\/www.lettera43.it\/wp-content\/uploads\/2019\/11\/mara-carfagna-italia-viva-moderati-1024x682.jpg 1024w, https:\/\/www.lettera43.it\/wp-content\/uploads\/2019\/11\/mara-carfagna-italia-viva-moderati-300x200.jpg 300w, https:\/\/www.lettera43.it\/wp-content\/uploads\/2019\/11\/mara-carfagna-italia-viva-moderati-768x512.jpg 768w, https:\/\/www.lettera43.it\/wp-content\/uploads\/2019\/11\/mara-carfagna-italia-viva-moderati.jpg 1200w\" sizes=\"auto, (max-width: 1024px) 100vw, 1024px\" \/><\/a><\/figure><\/div><div class=\"swiper-slide\"><figure class=\"wp-block-image size-large\"><a href=\"https:\/\/www.lettera43.it\/galleria\/1298984\/924585\"><img data-has-syndication-rights=\"1\" data-portal-copyright=\"Lettera43\" data-licensor-name=\"Lettera43\" decoding=\"async\" width=\"1024\" height=\"683\" data-id=\"924585\" src=\"https:\/\/www.lettera43.it\/wp-content\/uploads\/2019\/11\/mara-carfagna-elezioni-regionali-campania-silvio-berlusconi-1024x683.jpg\" alt=\"Il trasloco dei vannacciani in Aula irrita qualcuno, il link tra Tinto Brass e l\u2019affaire Minetti e le altre pillole\" class=\"wp-image-924585 lazyload\" title=\"Il trasloco dei vannacciani in Aula irrita qualcuno, il link tra Tinto Brass e l\u2019affaire Minetti e le altre pillole\" data-src=\"https:\/\/www.lettera43.it\/wp-content\/uploads\/2019\/11\/mara-carfagna-elezioni-regionali-campania-silvio-berlusconi-1024x683.jpg\" loading=\"lazy\" data-has-syndication-rights=\"1\" data-licensor-name=\"Lettera43\" srcset=\"https:\/\/www.lettera43.it\/wp-content\/uploads\/2019\/11\/mara-carfagna-elezioni-regionali-campania-silvio-berlusconi-1024x683.jpg 1024w, https:\/\/www.lettera43.it\/wp-content\/uploads\/2019\/11\/mara-carfagna-elezioni-regionali-campania-silvio-berlusconi-300x200.jpg 300w, https:\/\/www.lettera43.it\/wp-content\/uploads\/2019\/11\/mara-carfagna-elezioni-regionali-campania-silvio-berlusconi-768x512.jpg 768w, https:\/\/www.lettera43.it\/wp-content\/uploads\/2019\/11\/mara-carfagna-elezioni-regionali-campania-silvio-berlusconi.jpg 1200w\" sizes=\"auto, (max-width: 1024px) 100vw, 1024px\" \/><\/a><\/figure><\/div><div class=\"swiper-slide\"><figure class=\"wp-block-image size-large\"><a href=\"https:\/\/www.lettera43.it\/galleria\/1298984\/780465\"><img data-has-syndication-rights=\"1\" data-portal-copyright=\"Lettera43\" data-licensor-name=\"Lettera43\" decoding=\"async\" width=\"1024\" height=\"682\" data-id=\"780465\" src=\"https:\/\/www.lettera43.it\/wp-content\/uploads\/2019\/04\/a45e244d-450c-4415-8f47-e847904af625_large-1024x682.jpg\" alt=\"Il trasloco dei vannacciani in Aula irrita qualcuno, il link tra Tinto Brass e l\u2019affaire Minetti e le altre pillole\" class=\"wp-image-780465 lazyload\" title=\"Il trasloco dei vannacciani in Aula irrita qualcuno, il link tra Tinto Brass e l\u2019affaire Minetti e le altre pillole\" data-src=\"https:\/\/www.lettera43.it\/wp-content\/uploads\/2019\/04\/a45e244d-450c-4415-8f47-e847904af625_large-1024x682.jpg\" loading=\"lazy\" data-has-syndication-rights=\"1\" data-licensor-name=\"Lettera43\" srcset=\"https:\/\/www.lettera43.it\/wp-content\/uploads\/2019\/04\/a45e244d-450c-4415-8f47-e847904af625_large-1024x682.jpg 1024w, https:\/\/www.lettera43.it\/wp-content\/uploads\/2019\/04\/a45e244d-450c-4415-8f47-e847904af625_large-300x200.jpg 300w, https:\/\/www.lettera43.it\/wp-content\/uploads\/2019\/04\/a45e244d-450c-4415-8f47-e847904af625_large-768x511.jpg 768w, https:\/\/www.lettera43.it\/wp-content\/uploads\/2019\/04\/a45e244d-450c-4415-8f47-e847904af625_large.jpg 1280w\" sizes=\"auto, (max-width: 1024px) 100vw, 1024px\" \/><\/a><\/figure><\/div><div class=\"swiper-slide\"><figure class=\"wp-block-image size-large\"><a href=\"https:\/\/www.lettera43.it\/galleria\/1298984\/780547\"><img data-has-syndication-rights=\"1\" data-portal-copyright=\"Lettera43\" data-licensor-name=\"Lettera43\" decoding=\"async\" width=\"1024\" height=\"738\" data-id=\"780547\" src=\"https:\/\/www.lettera43.it\/wp-content\/uploads\/2019\/04\/ec7a91b1-bd76-49e7-9600-9a82809c93be_large-1024x738.jpg\" alt=\"Il trasloco dei vannacciani in Aula irrita qualcuno, il link tra Tinto Brass e l\u2019affaire Minetti e le altre pillole\" class=\"wp-image-780547 lazyload\" title=\"Il trasloco dei vannacciani in Aula irrita qualcuno, il link tra Tinto Brass e l\u2019affaire Minetti e le altre pillole\" data-src=\"https:\/\/www.lettera43.it\/wp-content\/uploads\/2019\/04\/ec7a91b1-bd76-49e7-9600-9a82809c93be_large-1024x738.jpg\" loading=\"lazy\" data-has-syndication-rights=\"1\" data-licensor-name=\"Lettera43\" srcset=\"https:\/\/www.lettera43.it\/wp-content\/uploads\/2019\/04\/ec7a91b1-bd76-49e7-9600-9a82809c93be_large-1024x738.jpg 1024w, https:\/\/www.lettera43.it\/wp-content\/uploads\/2019\/04\/ec7a91b1-bd76-49e7-9600-9a82809c93be_large-300x216.jpg 300w, https:\/\/www.lettera43.it\/wp-content\/uploads\/2019\/04\/ec7a91b1-bd76-49e7-9600-9a82809c93be_large-768x553.jpg 768w, https:\/\/www.lettera43.it\/wp-content\/uploads\/2019\/04\/ec7a91b1-bd76-49e7-9600-9a82809c93be_large.jpg 1280w\" sizes=\"auto, (max-width: 1024px) 100vw, 1024px\" \/><\/a><\/figure><\/div><div class=\"swiper-slide\"><figure class=\"wp-block-image size-large\"><a href=\"https:\/\/www.lettera43.it\/galleria\/1298984\/815585\"><img data-has-syndication-rights=\"1\" data-portal-copyright=\"Lettera43\" data-licensor-name=\"Lettera43\" decoding=\"async\" width=\"1024\" height=\"724\" data-id=\"815585\" src=\"https:\/\/www.lettera43.it\/wp-content\/uploads\/2019\/05\/mara-carfagna-belve-nove-intervista-1024x724.gif\" alt=\"Il trasloco dei vannacciani in Aula irrita qualcuno, il link tra Tinto Brass e l\u2019affaire Minetti e le altre pillole\" class=\"wp-image-815585 lazyload\" title=\"Il trasloco dei vannacciani in Aula irrita qualcuno, il link tra Tinto Brass e l\u2019affaire Minetti e le altre pillole\" data-src=\"https:\/\/www.lettera43.it\/wp-content\/uploads\/2019\/05\/mara-carfagna-belve-nove-intervista-1024x724.gif\" loading=\"lazy\" data-has-syndication-rights=\"1\" data-licensor-name=\"Lettera43\" srcset=\"https:\/\/www.lettera43.it\/wp-content\/uploads\/2019\/05\/mara-carfagna-belve-nove-intervista-1024x724.gif 1024w, https:\/\/www.lettera43.it\/wp-content\/uploads\/2019\/05\/mara-carfagna-belve-nove-intervista-300x212.gif 300w, https:\/\/www.lettera43.it\/wp-content\/uploads\/2019\/05\/mara-carfagna-belve-nove-intervista-768x543.gif 768w\" sizes=\"auto, (max-width: 1024px) 100vw, 1024px\" \/><\/a><\/figure><div class=\"swiper-lazy-preloader\"><\/div><\/div><\/div><div class=\"swiper-pagination\"><\/div><div class=\"swiper-button-next\"><\/div><div class=\"swiper-button-prev\"><\/div><\/div>\n\n\n<h2 class=\"wp-block-heading\">Viavai nella Fondazione Agnelli: i casi Gavosto e Corgnati&#8230;<\/h2>\n\n\n\n<p>Gente che va, gente che viene: alla <strong>Fondazione Agnelli<\/strong> \u00e8 stato fatto un ricambio dei consiglieri. Fuori <strong>Marta Cartabia<\/strong>: l\u2019ex numero uno della <strong>Corte Costituzionale<\/strong>, gi\u00e0 ministra della Giustizia, ha lasciato il posto. Pure <strong>Renzo Piano<\/strong>, l\u2019architetto genovese di fama internazionale, ha terminato la sua esperienza nella fondazione. Dentro <strong>Fabiola Gianotti<\/strong>, fisica ed ex direttrice generale del <strong>Cern<\/strong> di <strong>Ginevra<\/strong>. Altri nuovi componenti sono <strong>Manuela Battezzato<\/strong>, responsabile dei progetti di filantropia globale di <strong>Stellantis<\/strong>, <strong>Andrea Camerana<\/strong>, nipote ed erede di <strong>Giorgio Armani<\/strong>, <strong>Stefano Corgnati<\/strong>, rettore del Politecnico di Torino, <strong>Andrea Gavosto<\/strong> che dal 2008 \u00e8 il direttore della Fondazione Agnelli. Curiosit\u00e0: Gavosto \u00e8 stato nominato un anno fa consigliere d\u2019amministrazione del Politecnico di Torino dal Senato accademico tra gli \u201cesterni\u201d, ma \u00e8 la stessa universit\u00e0 dove rettore \u00e8 Corgnati, che ora entra nel cda della Fondazione Agnelli. Tanto che qualcuno, in citt\u00e0, parla di \u00abnomine incrociate\u00bb. Intanto se ne sono andati, oltre a Cartabia e Piano, pure <strong>Simone Avogadro di Collobiano<\/strong>, <strong>Daniele Chiari<\/strong> e <strong>Gianluca Ferrero<\/strong>.<\/p>\n\n\n<div class=\"swiper-container\"><div class=\"swiper-wrapper\"><div class=\"swiper-slide\"><figure class=\"wp-block-image size-large\"><a href=\"https:\/\/www.lettera43.it\/galleria\/1298984\/1287315\"><img data-has-syndication-rights=\"1\" data-portal-copyright=\"Lettera43\" data-licensor-name=\"Lettera43\" decoding=\"async\" width=\"1200\" height=\"801\" data-id=\"1287315\" src=\"https:\/\/www.lettera43.it\/wp-content\/uploads\/2026\/02\/Un-Lollo-tira-laltro-Letta-lascia-il-premio-Carli-le-pillole-del-giorno-2.jpg\" alt=\"Il trasloco dei vannacciani in Aula irrita qualcuno, il link tra Tinto Brass e l\u2019affaire Minetti e le altre pillole\" class=\"wp-image-1287315 lazyload\" title=\"Il trasloco dei vannacciani in Aula irrita qualcuno, il link tra Tinto Brass e l\u2019affaire Minetti e le altre pillole\" data-src=\"https:\/\/www.lettera43.it\/wp-content\/uploads\/2026\/02\/Un-Lollo-tira-laltro-Letta-lascia-il-premio-Carli-le-pillole-del-giorno-2.jpg\" loading=\"lazy\" data-has-syndication-rights=\"1\" data-licensor-name=\"Lettera43\" srcset=\"https:\/\/www.lettera43.it\/wp-content\/uploads\/2026\/02\/Un-Lollo-tira-laltro-Letta-lascia-il-premio-Carli-le-pillole-del-giorno-2.jpg 1200w, https:\/\/www.lettera43.it\/wp-content\/uploads\/2026\/02\/Un-Lollo-tira-laltro-Letta-lascia-il-premio-Carli-le-pillole-del-giorno-2-800x534.jpg 800w, https:\/\/www.lettera43.it\/wp-content\/uploads\/2026\/02\/Un-Lollo-tira-laltro-Letta-lascia-il-premio-Carli-le-pillole-del-giorno-2-390x260.jpg 390w\" sizes=\"auto, (max-width: 1200px) 100vw, 1200px\" \/><\/a><\/figure><\/div><div class=\"swiper-slide\"><figure class=\"wp-block-image size-large\"><a href=\"https:\/\/www.lettera43.it\/galleria\/1298984\/1299086\"><img data-has-syndication-rights=\"1\" data-portal-copyright=\"Lettera43\" data-licensor-name=\"Lettera43\" decoding=\"async\" width=\"1200\" height=\"800\" data-id=\"1299086\" src=\"https:\/\/www.lettera43.it\/wp-content\/uploads\/2026\/04\/renzo-piano.jpg\" alt=\"Il trasloco dei vannacciani in Aula irrita qualcuno, il link tra Tinto Brass e l\u2019affaire Minetti e le altre pillole\" class=\"wp-image-1299086 lazyload\" title=\"Il trasloco dei vannacciani in Aula irrita qualcuno, il link tra Tinto Brass e l\u2019affaire Minetti e le altre pillole\" data-src=\"https:\/\/www.lettera43.it\/wp-content\/uploads\/2026\/04\/renzo-piano.jpg\" loading=\"lazy\" data-has-syndication-rights=\"1\" data-licensor-name=\"Lettera43\" srcset=\"https:\/\/www.lettera43.it\/wp-content\/uploads\/2026\/04\/renzo-piano.jpg 1200w, https:\/\/www.lettera43.it\/wp-content\/uploads\/2026\/04\/renzo-piano-800x533.jpg 800w, https:\/\/www.lettera43.it\/wp-content\/uploads\/2026\/04\/renzo-piano-390x260.jpg 390w\" sizes=\"auto, (max-width: 1200px) 100vw, 1200px\" \/><\/a><\/figure><\/div><div class=\"swiper-slide\"><figure class=\"wp-block-image size-large\"><a href=\"https:\/\/www.lettera43.it\/galleria\/1298984\/1299084\"><img data-has-syndication-rights=\"1\" data-portal-copyright=\"Lettera43\" data-licensor-name=\"Lettera43\" decoding=\"async\" width=\"1200\" height=\"819\" data-id=\"1299084\" src=\"https:\/\/www.lettera43.it\/wp-content\/uploads\/2026\/04\/Il-trasloco-dei-vannacciani-in-Aula-irrita-qualcuno-il-link-tra-Tinto-Brass-e-laffaire-Minetti-e-le-altre-pillole-9.jpg\" alt=\"Il trasloco dei vannacciani in Aula irrita qualcuno, il link tra Tinto Brass e l\u2019affaire Minetti e le altre pillole\" class=\"wp-image-1299084 lazyload\" title=\"Il trasloco dei vannacciani in Aula irrita qualcuno, il link tra Tinto Brass e l\u2019affaire Minetti e le altre pillole\" data-src=\"https:\/\/www.lettera43.it\/wp-content\/uploads\/2026\/04\/Il-trasloco-dei-vannacciani-in-Aula-irrita-qualcuno-il-link-tra-Tinto-Brass-e-laffaire-Minetti-e-le-altre-pillole-9.jpg\" loading=\"lazy\" data-has-syndication-rights=\"1\" data-licensor-name=\"Lettera43\" srcset=\"https:\/\/www.lettera43.it\/wp-content\/uploads\/2026\/04\/Il-trasloco-dei-vannacciani-in-Aula-irrita-qualcuno-il-link-tra-Tinto-Brass-e-laffaire-Minetti-e-le-altre-pillole-9.jpg 1200w, https:\/\/www.lettera43.it\/wp-content\/uploads\/2026\/04\/Il-trasloco-dei-vannacciani-in-Aula-irrita-qualcuno-il-link-tra-Tinto-Brass-e-laffaire-Minetti-e-le-altre-pillole-9-800x546.jpg 800w, https:\/\/www.lettera43.it\/wp-content\/uploads\/2026\/04\/Il-trasloco-dei-vannacciani-in-Aula-irrita-qualcuno-il-link-tra-Tinto-Brass-e-laffaire-Minetti-e-le-altre-pillole-9-390x266.jpg 390w\" sizes=\"auto, (max-width: 1200px) 100vw, 1200px\" \/><\/a><\/figure><\/div><div class=\"swiper-slide\"><figure class=\"wp-block-image size-large\"><a href=\"https:\/\/www.lettera43.it\/galleria\/1298984\/1299083\"><img data-has-syndication-rights=\"1\" data-portal-copyright=\"Lettera43\" data-licensor-name=\"Lettera43\" decoding=\"async\" width=\"1200\" height=\"841\" data-id=\"1299083\" src=\"https:\/\/www.lettera43.it\/wp-content\/uploads\/2026\/04\/Il-trasloco-dei-vannacciani-in-Aula-irrita-qualcuno-il-link-tra-Tinto-Brass-e-laffaire-Minetti-e-le-altre-pillole-8.jpg\" alt=\"Il trasloco dei vannacciani in Aula irrita qualcuno, il link tra Tinto Brass e l\u2019affaire Minetti e le altre pillole\" class=\"wp-image-1299083 lazyload\" title=\"Il trasloco dei vannacciani in Aula irrita qualcuno, il link tra Tinto Brass e l\u2019affaire Minetti e le altre pillole\" data-src=\"https:\/\/www.lettera43.it\/wp-content\/uploads\/2026\/04\/Il-trasloco-dei-vannacciani-in-Aula-irrita-qualcuno-il-link-tra-Tinto-Brass-e-laffaire-Minetti-e-le-altre-pillole-8.jpg\" loading=\"lazy\" data-has-syndication-rights=\"1\" data-licensor-name=\"Lettera43\" srcset=\"https:\/\/www.lettera43.it\/wp-content\/uploads\/2026\/04\/Il-trasloco-dei-vannacciani-in-Aula-irrita-qualcuno-il-link-tra-Tinto-Brass-e-laffaire-Minetti-e-le-altre-pillole-8.jpg 1200w, https:\/\/www.lettera43.it\/wp-content\/uploads\/2026\/04\/Il-trasloco-dei-vannacciani-in-Aula-irrita-qualcuno-il-link-tra-Tinto-Brass-e-laffaire-Minetti-e-le-altre-pillole-8-800x561.jpg 800w, https:\/\/www.lettera43.it\/wp-content\/uploads\/2026\/04\/Il-trasloco-dei-vannacciani-in-Aula-irrita-qualcuno-il-link-tra-Tinto-Brass-e-laffaire-Minetti-e-le-altre-pillole-8-390x273.jpg 390w\" sizes=\"auto, (max-width: 1200px) 100vw, 1200px\" \/><\/a><\/figure><\/div><div class=\"swiper-slide\"><figure class=\"wp-block-image size-large\"><a href=\"https:\/\/www.lettera43.it\/galleria\/1298984\/1299082\"><img data-has-syndication-rights=\"1\" data-portal-copyright=\"Lettera43\" data-licensor-name=\"Lettera43\" decoding=\"async\" width=\"1200\" height=\"799\" data-id=\"1299082\" src=\"https:\/\/www.lettera43.it\/wp-content\/uploads\/2026\/04\/Il-trasloco-dei-vannacciani-in-Aula-irrita-qualcuno-il-link-tra-Tinto-Brass-e-laffaire-Minetti-e-le-altre-pillole-7.jpg\" alt=\"Il trasloco dei vannacciani in Aula irrita qualcuno, il link tra Tinto Brass e l\u2019affaire Minetti e le altre pillole\" class=\"wp-image-1299082 lazyload\" title=\"Il trasloco dei vannacciani in Aula irrita qualcuno, il link tra Tinto Brass e l\u2019affaire Minetti e le altre pillole\" data-src=\"https:\/\/www.lettera43.it\/wp-content\/uploads\/2026\/04\/Il-trasloco-dei-vannacciani-in-Aula-irrita-qualcuno-il-link-tra-Tinto-Brass-e-laffaire-Minetti-e-le-altre-pillole-7.jpg\" loading=\"lazy\" data-has-syndication-rights=\"1\" data-licensor-name=\"Lettera43\" srcset=\"https:\/\/www.lettera43.it\/wp-content\/uploads\/2026\/04\/Il-trasloco-dei-vannacciani-in-Aula-irrita-qualcuno-il-link-tra-Tinto-Brass-e-laffaire-Minetti-e-le-altre-pillole-7.jpg 1200w, https:\/\/www.lettera43.it\/wp-content\/uploads\/2026\/04\/Il-trasloco-dei-vannacciani-in-Aula-irrita-qualcuno-il-link-tra-Tinto-Brass-e-laffaire-Minetti-e-le-altre-pillole-7-800x533.jpg 800w, https:\/\/www.lettera43.it\/wp-content\/uploads\/2026\/04\/Il-trasloco-dei-vannacciani-in-Aula-irrita-qualcuno-il-link-tra-Tinto-Brass-e-laffaire-Minetti-e-le-altre-pillole-7-390x260.jpg 390w\" sizes=\"auto, (max-width: 1200px) 100vw, 1200px\" \/><\/a><\/figure><div class=\"swiper-lazy-preloader\"><\/div><\/div><\/div><div class=\"swiper-pagination\"><\/div><div class=\"swiper-button-next\"><\/div><div class=\"swiper-button-prev\"><\/div><\/div>\n\n\n<h2 class=\"wp-block-heading\">Nordio al rapporto del Censis sull\u2019avvocatura<\/h2>\n\n\n\n<p>L\u2019appuntamento \u00e8 fissato da tempo: nel pomeriggio di mercoled\u00ec 29 aprile, nell\u2019aula dei gruppi parlamentari della <strong>Camera dei deputati<\/strong>, \u00e8 in programma la presentazione della decima edizione del rapporto sull\u2019avvocatura realizzato dal <strong>Censis<\/strong>. Dove \u00e8 atteso il ministro della Giustizia <strong>Carlo Nordio<\/strong>. Che dopo tutto quello che \u00e8 successo, ultimo <a href=\"https:\/\/www.lettera43.it\/grazia-minetti-ministero-giustizia-nessuna-verifica-estero-uruguay\/\"  rel=\"noreferrer noopener\">il caso della <strong>grazia<\/strong> a <strong>Nicole Minetti<\/strong><\/a>, chiss\u00e0 se avr\u00e0 la voglia di andarci, a un incontro come questo. Comunque, dopo i saluti istituzionali di <strong>Maria Annunziata<\/strong>, presidente della Cassa Forense, sono attesi <strong>Claudio Durigon<\/strong>, sottosegretario al Lavoro, <strong>Maurizio Leo<\/strong>, viceministro all\u2019Economia, <strong>Giorgio De Rita<\/strong>, segretario generale <strong>Censis<\/strong>, e molti altri.<\/p>\n\n\n<figure class=\"wp-block-image size-full\"><a href=\"https:\/\/www.lettera43.it\/galleria\/1298984\/1293072\"><img data-has-syndication-rights=\"1\" data-portal-copyright=\"Lettera43\" data-licensor-name=\"Lettera43\" decoding=\"async\" width=\"1200\" height=\"800\" src=\"https:\/\/www.lettera43.it\/wp-content\/uploads\/2026\/03\/Imagoeconomica_2674945.jpg\" alt=\"Il trasloco dei vannacciani in Aula irrita qualcuno, il link tra Tinto Brass e l\u2019affaire Minetti e le altre pillole\" class=\"wp-image-1293072 lazyload\" title=\"Il trasloco dei vannacciani in Aula irrita qualcuno, il link tra Tinto Brass e l\u2019affaire Minetti e le altre pillole\" data-src=\"https:\/\/www.lettera43.it\/wp-content\/uploads\/2026\/03\/Imagoeconomica_2674945.jpg\" loading=\"lazy\" data-has-syndication-rights=\"1\" data-licensor-name=\"Lettera43\" srcset=\"https:\/\/www.lettera43.it\/wp-content\/uploads\/2026\/03\/Imagoeconomica_2674945.jpg 1200w, https:\/\/www.lettera43.it\/wp-content\/uploads\/2026\/03\/Imagoeconomica_2674945-800x533.jpg 800w, https:\/\/www.lettera43.it\/wp-content\/uploads\/2026\/03\/Imagoeconomica_2674945-390x260.jpg 390w\" sizes=\"auto, (max-width: 1200px) 100vw, 1200px\" \/><\/a><figcaption class=\"wp-element-caption\">Carlo Nordio (Imagoeconomica).<\/figcaption><\/figure>\n\n\n<h2 class=\"wp-block-heading\">Cosa hanno in comune Cipriani, Nicole Minetti e Tinto Brass?<\/h2>\n\n\n\n<p>Che collegamento c&#8217;\u00e8 fra <strong>Tinto Brass<\/strong> e la famiglia <strong>Cipriani<\/strong>? <strong>Giuseppe Cipriani<\/strong>, l\u2019imprenditore che da anni \u00e8 diventato il compagno di vita di <strong>Nicole Minetti<\/strong>, \u00e8 il nipote di Carla (sorella del padre Arrigo, morta nel 2006). Carla aveva sposato proprio il maestro del <strong>cinema erotico<\/strong>, oggi 93enne: un amore totale in cui lei era la sua \u201ccomplice perfetta\u201d nei film pi\u00f9 scatenati del regista, tanto che era stata soprannominata \u00abla Tinta\u00bb: presente quando dovevano essere scelte le <strong>attrici<\/strong> delle pellicole, non mancava mai durante le riprese, fornendo anche consigli preziosi per ottenere scene di grande effetto. Figlia del fondatore dell\u2019<strong>Harry\u2019s Bar<\/strong>, il capostipite <strong>Giuseppe<\/strong>, Carla \u00e8 stata sceneggiatrice e segretaria di edizione delle produzioni di Tinto, e lo stesso Brass ha pi\u00f9 volte dichiarato che \u00abla vera mente e fonte d&#8217;ispirazione di tutti i suoi film\u00bb \u00e8 stata proprio \u00abla Tinta\u00bb. Il soggetto di <em>Miranda<\/em>, per esempio, porta la sua firma, cos\u00ec come le sceneggiature di <em>Monella<\/em>, <em>Tra(sgre)dire<\/em>, <em>Fallo!<\/em> e <em>Monamour<\/em>.<\/p>\n\n\n<div class=\"swiper-container\"><div class=\"swiper-wrapper\"><div class=\"swiper-slide\"><figure class=\"wp-block-image size-large\"><a href=\"https:\/\/www.lettera43.it\/galleria\/1298984\/1299078\"><img data-has-syndication-rights=\"1\" data-portal-copyright=\"Lettera43\" data-licensor-name=\"Lettera43\" decoding=\"async\" width=\"1021\" height=\"810\" data-id=\"1299078\" src=\"https:\/\/www.lettera43.it\/wp-content\/uploads\/2026\/04\/Il-trasloco-dei-vannacciani-in-Aula-irrita-qualcuno-il-link-tra-Tinto-Brass-e-laffaire-Minetti-e-le-altre-pillole-2.jpg\" alt=\"Il trasloco dei vannacciani in Aula irrita qualcuno, il link tra Tinto Brass e l\u2019affaire Minetti e le altre pillole\" class=\"wp-image-1299078 lazyload\" title=\"Il trasloco dei vannacciani in Aula irrita qualcuno, il link tra Tinto Brass e l\u2019affaire Minetti e le altre pillole\" data-src=\"https:\/\/www.lettera43.it\/wp-content\/uploads\/2026\/04\/Il-trasloco-dei-vannacciani-in-Aula-irrita-qualcuno-il-link-tra-Tinto-Brass-e-laffaire-Minetti-e-le-altre-pillole-2.jpg\" loading=\"lazy\" data-has-syndication-rights=\"1\" data-licensor-name=\"Lettera43\" srcset=\"https:\/\/www.lettera43.it\/wp-content\/uploads\/2026\/04\/Il-trasloco-dei-vannacciani-in-Aula-irrita-qualcuno-il-link-tra-Tinto-Brass-e-laffaire-Minetti-e-le-altre-pillole-2.jpg 1021w, https:\/\/www.lettera43.it\/wp-content\/uploads\/2026\/04\/Il-trasloco-dei-vannacciani-in-Aula-irrita-qualcuno-il-link-tra-Tinto-Brass-e-laffaire-Minetti-e-le-altre-pillole-2-800x635.jpg 800w, https:\/\/www.lettera43.it\/wp-content\/uploads\/2026\/04\/Il-trasloco-dei-vannacciani-in-Aula-irrita-qualcuno-il-link-tra-Tinto-Brass-e-laffaire-Minetti-e-le-altre-pillole-2-390x309.jpg 390w\" sizes=\"auto, (max-width: 1021px) 100vw, 1021px\" \/><\/a><\/figure><\/div><div class=\"swiper-slide\"><figure class=\"wp-block-image size-large\"><a href=\"https:\/\/www.lettera43.it\/galleria\/1298984\/1299085\"><img data-has-syndication-rights=\"1\" data-portal-copyright=\"Lettera43\" data-licensor-name=\"Lettera43\" decoding=\"async\" width=\"1200\" height=\"935\" data-id=\"1299085\" src=\"https:\/\/www.lettera43.it\/wp-content\/uploads\/2026\/04\/Il-trasloco-dei-vannacciani-in-Aula-irrita-qualcuno-il-link-tra-Tinto-Brass-e-laffaire-Minetti-e-le-altre-pillole-10.jpg\" alt=\"Il trasloco dei vannacciani in Aula irrita qualcuno, il link tra Tinto Brass e l\u2019affaire Minetti e le altre pillole\" class=\"wp-image-1299085 lazyload\" title=\"Il trasloco dei vannacciani in Aula irrita qualcuno, il link tra Tinto Brass e l\u2019affaire Minetti e le altre pillole\" data-src=\"https:\/\/www.lettera43.it\/wp-content\/uploads\/2026\/04\/Il-trasloco-dei-vannacciani-in-Aula-irrita-qualcuno-il-link-tra-Tinto-Brass-e-laffaire-Minetti-e-le-altre-pillole-10.jpg\" loading=\"lazy\" data-has-syndication-rights=\"1\" data-licensor-name=\"Lettera43\" srcset=\"https:\/\/www.lettera43.it\/wp-content\/uploads\/2026\/04\/Il-trasloco-dei-vannacciani-in-Aula-irrita-qualcuno-il-link-tra-Tinto-Brass-e-laffaire-Minetti-e-le-altre-pillole-10.jpg 1200w, https:\/\/www.lettera43.it\/wp-content\/uploads\/2026\/04\/Il-trasloco-dei-vannacciani-in-Aula-irrita-qualcuno-il-link-tra-Tinto-Brass-e-laffaire-Minetti-e-le-altre-pillole-10-800x623.jpg 800w, https:\/\/www.lettera43.it\/wp-content\/uploads\/2026\/04\/Il-trasloco-dei-vannacciani-in-Aula-irrita-qualcuno-il-link-tra-Tinto-Brass-e-laffaire-Minetti-e-le-altre-pillole-10-390x304.jpg 390w\" sizes=\"auto, (max-width: 1200px) 100vw, 1200px\" \/><\/a><\/figure><\/div><div class=\"swiper-slide\"><figure class=\"wp-block-image size-large\"><a href=\"https:\/\/www.lettera43.it\/galleria\/1298984\/1299081\"><img data-has-syndication-rights=\"1\" data-portal-copyright=\"Lettera43\" data-licensor-name=\"Lettera43\" decoding=\"async\" width=\"1200\" height=\"732\" data-id=\"1299081\" src=\"https:\/\/www.lettera43.it\/wp-content\/uploads\/2026\/04\/Il-trasloco-dei-vannacciani-in-Aula-irrita-qualcuno-il-link-tra-Tinto-Brass-e-laffaire-Minetti-e-le-altre-pillole-6.jpg\" alt=\"Il trasloco dei vannacciani in Aula irrita qualcuno, il link tra Tinto Brass e l\u2019affaire Minetti e le altre pillole\" class=\"wp-image-1299081 lazyload\" title=\"Il trasloco dei vannacciani in Aula irrita qualcuno, il link tra Tinto Brass e l\u2019affaire Minetti e le altre pillole\" data-src=\"https:\/\/www.lettera43.it\/wp-content\/uploads\/2026\/04\/Il-trasloco-dei-vannacciani-in-Aula-irrita-qualcuno-il-link-tra-Tinto-Brass-e-laffaire-Minetti-e-le-altre-pillole-6.jpg\" loading=\"lazy\" data-has-syndication-rights=\"1\" data-licensor-name=\"Lettera43\" srcset=\"https:\/\/www.lettera43.it\/wp-content\/uploads\/2026\/04\/Il-trasloco-dei-vannacciani-in-Aula-irrita-qualcuno-il-link-tra-Tinto-Brass-e-laffaire-Minetti-e-le-altre-pillole-6.jpg 1200w, https:\/\/www.lettera43.it\/wp-content\/uploads\/2026\/04\/Il-trasloco-dei-vannacciani-in-Aula-irrita-qualcuno-il-link-tra-Tinto-Brass-e-laffaire-Minetti-e-le-altre-pillole-6-800x488.jpg 800w, https:\/\/www.lettera43.it\/wp-content\/uploads\/2026\/04\/Il-trasloco-dei-vannacciani-in-Aula-irrita-qualcuno-il-link-tra-Tinto-Brass-e-laffaire-Minetti-e-le-altre-pillole-6-390x238.jpg 390w\" sizes=\"auto, (max-width: 1200px) 100vw, 1200px\" \/><\/a><\/figure><\/div><div class=\"swiper-slide\"><figure class=\"wp-block-image size-large\"><a href=\"https:\/\/www.lettera43.it\/galleria\/1298984\/1299079\"><img data-has-syndication-rights=\"1\" data-portal-copyright=\"Lettera43\" data-licensor-name=\"Lettera43\" decoding=\"async\" width=\"1200\" height=\"1135\" data-id=\"1299079\" src=\"https:\/\/www.lettera43.it\/wp-content\/uploads\/2026\/04\/Il-trasloco-dei-vannacciani-in-Aula-irrita-qualcuno-il-link-tra-Tinto-Brass-e-laffaire-Minetti-e-le-altre-pillole-3.jpg\" alt=\"Il trasloco dei vannacciani in Aula irrita qualcuno, il link tra Tinto Brass e l\u2019affaire Minetti e le altre pillole\" class=\"wp-image-1299079 lazyload\" title=\"Il trasloco dei vannacciani in Aula irrita qualcuno, il link tra Tinto Brass e l\u2019affaire Minetti e le altre pillole\" data-src=\"https:\/\/www.lettera43.it\/wp-content\/uploads\/2026\/04\/Il-trasloco-dei-vannacciani-in-Aula-irrita-qualcuno-il-link-tra-Tinto-Brass-e-laffaire-Minetti-e-le-altre-pillole-3.jpg\" loading=\"lazy\" data-has-syndication-rights=\"1\" data-licensor-name=\"Lettera43\" srcset=\"https:\/\/www.lettera43.it\/wp-content\/uploads\/2026\/04\/Il-trasloco-dei-vannacciani-in-Aula-irrita-qualcuno-il-link-tra-Tinto-Brass-e-laffaire-Minetti-e-le-altre-pillole-3.jpg 1200w, https:\/\/www.lettera43.it\/wp-content\/uploads\/2026\/04\/Il-trasloco-dei-vannacciani-in-Aula-irrita-qualcuno-il-link-tra-Tinto-Brass-e-laffaire-Minetti-e-le-altre-pillole-3-800x757.jpg 800w, https:\/\/www.lettera43.it\/wp-content\/uploads\/2026\/04\/Il-trasloco-dei-vannacciani-in-Aula-irrita-qualcuno-il-link-tra-Tinto-Brass-e-laffaire-Minetti-e-le-altre-pillole-3-390x369.jpg 390w\" sizes=\"auto, (max-width: 1200px) 100vw, 1200px\" \/><\/a><\/figure><\/div><div class=\"swiper-slide\"><figure class=\"wp-block-image size-large\"><a href=\"https:\/\/www.lettera43.it\/galleria\/1298984\/1299077\"><img data-has-syndication-rights=\"1\" data-portal-copyright=\"Lettera43\" data-licensor-name=\"Lettera43\" decoding=\"async\" width=\"1200\" height=\"900\" data-id=\"1299077\" src=\"https:\/\/www.lettera43.it\/wp-content\/uploads\/2026\/04\/Il-trasloco-dei-vannacciani-in-Aula-irrita-qualcuno-il-link-tra-Tinto-Brass-e-laffaire-Minetti-e-le-altre-pillole-1.jpg\" alt=\"Il trasloco dei vannacciani in Aula irrita qualcuno, il link tra Tinto Brass e l\u2019affaire Minetti e le altre pillole\" class=\"wp-image-1299077 lazyload\" title=\"Il trasloco dei vannacciani in Aula irrita qualcuno, il link tra Tinto Brass e l\u2019affaire Minetti e le altre pillole\" data-src=\"https:\/\/www.lettera43.it\/wp-content\/uploads\/2026\/04\/Il-trasloco-dei-vannacciani-in-Aula-irrita-qualcuno-il-link-tra-Tinto-Brass-e-laffaire-Minetti-e-le-altre-pillole-1.jpg\" loading=\"lazy\" data-has-syndication-rights=\"1\" data-licensor-name=\"Lettera43\" srcset=\"https:\/\/www.lettera43.it\/wp-content\/uploads\/2026\/04\/Il-trasloco-dei-vannacciani-in-Aula-irrita-qualcuno-il-link-tra-Tinto-Brass-e-laffaire-Minetti-e-le-altre-pillole-1.jpg 1200w, https:\/\/www.lettera43.it\/wp-content\/uploads\/2026\/04\/Il-trasloco-dei-vannacciani-in-Aula-irrita-qualcuno-il-link-tra-Tinto-Brass-e-laffaire-Minetti-e-le-altre-pillole-1-800x600.jpg 800w, https:\/\/www.lettera43.it\/wp-content\/uploads\/2026\/04\/Il-trasloco-dei-vannacciani-in-Aula-irrita-qualcuno-il-link-tra-Tinto-Brass-e-laffaire-Minetti-e-le-altre-pillole-1-390x293.jpg 390w\" sizes=\"auto, (max-width: 1200px) 100vw, 1200px\" \/><\/a><\/figure><\/div><div class=\"swiper-slide\"><figure class=\"wp-block-image size-large\"><a href=\"https:\/\/www.lettera43.it\/galleria\/1298984\/1298961\"><img data-has-syndication-rights=\"1\" data-portal-copyright=\"Lettera43\" data-licensor-name=\"Lettera43\" decoding=\"async\" width=\"1190\" height=\"828\" data-id=\"1298961\" src=\"https:\/\/www.lettera43.it\/wp-content\/uploads\/2026\/04\/Imagoeconomica_589973.jpg\" alt=\"Il trasloco dei vannacciani in Aula irrita qualcuno, il link tra Tinto Brass e l\u2019affaire Minetti e le altre pillole\" class=\"wp-image-1298961 lazyload\" title=\"Il trasloco dei vannacciani in Aula irrita qualcuno, il link tra Tinto Brass e l\u2019affaire Minetti e le altre pillole\" data-src=\"https:\/\/www.lettera43.it\/wp-content\/uploads\/2026\/04\/Imagoeconomica_589973.jpg\" loading=\"lazy\" data-has-syndication-rights=\"1\" data-licensor-name=\"Lettera43\" srcset=\"https:\/\/www.lettera43.it\/wp-content\/uploads\/2026\/04\/Imagoeconomica_589973.jpg 1190w, https:\/\/www.lettera43.it\/wp-content\/uploads\/2026\/04\/Imagoeconomica_589973-800x557.jpg 800w, https:\/\/www.lettera43.it\/wp-content\/uploads\/2026\/04\/Imagoeconomica_589973-390x271.jpg 390w\" sizes=\"auto, (max-width: 1190px) 100vw, 1190px\" \/><\/a><\/figure><\/div><div class=\"swiper-slide\"><figure class=\"wp-block-image size-large\"><a href=\"https:\/\/www.lettera43.it\/galleria\/1298984\/724197\"><img data-has-syndication-rights=\"1\" data-portal-copyright=\"Lettera43\" data-licensor-name=\"Lettera43\" decoding=\"async\" width=\"1024\" height=\"1024\" data-id=\"724197\" src=\"https:\/\/www.lettera43.it\/wp-content\/uploads\/2019\/05\/aa4bdad2-a7df-44d9-bdf0-5b6404f4fc13_large-1024x1024.jpg\" alt=\"Il trasloco dei vannacciani in Aula irrita qualcuno, il link tra Tinto Brass e l\u2019affaire Minetti e le altre pillole\" class=\"wp-image-724197 lazyload\" title=\"Il trasloco dei vannacciani in Aula irrita qualcuno, il link tra Tinto Brass e l\u2019affaire Minetti e le altre pillole\" data-src=\"https:\/\/www.lettera43.it\/wp-content\/uploads\/2019\/05\/aa4bdad2-a7df-44d9-bdf0-5b6404f4fc13_large-1024x1024.jpg\" loading=\"lazy\" data-has-syndication-rights=\"1\" data-licensor-name=\"Lettera43\" srcset=\"https:\/\/www.lettera43.it\/wp-content\/uploads\/2019\/05\/aa4bdad2-a7df-44d9-bdf0-5b6404f4fc13_large-1024x1024.jpg 1024w, https:\/\/www.lettera43.it\/wp-content\/uploads\/2019\/05\/aa4bdad2-a7df-44d9-bdf0-5b6404f4fc13_large-150x150.jpg 150w, https:\/\/www.lettera43.it\/wp-content\/uploads\/2019\/05\/aa4bdad2-a7df-44d9-bdf0-5b6404f4fc13_large-300x300.jpg 300w, https:\/\/www.lettera43.it\/wp-content\/uploads\/2019\/05\/aa4bdad2-a7df-44d9-bdf0-5b6404f4fc13_large-768x768.jpg 768w, https:\/\/www.lettera43.it\/wp-content\/uploads\/2019\/05\/aa4bdad2-a7df-44d9-bdf0-5b6404f4fc13_large.jpg 1280w\" sizes=\"auto, (max-width: 1024px) 100vw, 1024px\" \/><\/a><\/figure><\/div><div class=\"swiper-slide\"><figure class=\"wp-block-image size-large\"><a href=\"https:\/\/www.lettera43.it\/galleria\/1298984\/690429\"><img data-has-syndication-rights=\"1\" data-portal-copyright=\"Lettera43\" data-licensor-name=\"Lettera43\" decoding=\"async\" width=\"1024\" height=\"691\" data-id=\"690429\" src=\"https:\/\/www.lettera43.it\/wp-content\/uploads\/2016\/09\/3064db73-bb7c-41f7-ad6b-aa8a5e79244d_large-1024x691.jpg\" alt=\"Il trasloco dei vannacciani in Aula irrita qualcuno, il link tra Tinto Brass e l\u2019affaire Minetti e le altre pillole\" class=\"wp-image-690429 lazyload\" title=\"Il trasloco dei vannacciani in Aula irrita qualcuno, il link tra Tinto Brass e l\u2019affaire Minetti e le altre pillole\" data-src=\"https:\/\/www.lettera43.it\/wp-content\/uploads\/2016\/09\/3064db73-bb7c-41f7-ad6b-aa8a5e79244d_large-1024x691.jpg\" loading=\"lazy\" data-has-syndication-rights=\"1\" data-licensor-name=\"Lettera43\" srcset=\"https:\/\/www.lettera43.it\/wp-content\/uploads\/2016\/09\/3064db73-bb7c-41f7-ad6b-aa8a5e79244d_large-1024x691.jpg 1024w, https:\/\/www.lettera43.it\/wp-content\/uploads\/2016\/09\/3064db73-bb7c-41f7-ad6b-aa8a5e79244d_large-300x203.jpg 300w, https:\/\/www.lettera43.it\/wp-content\/uploads\/2016\/09\/3064db73-bb7c-41f7-ad6b-aa8a5e79244d_large-768x518.jpg 768w, https:\/\/www.lettera43.it\/wp-content\/uploads\/2016\/09\/3064db73-bb7c-41f7-ad6b-aa8a5e79244d_large.jpg 1280w\" sizes=\"auto, (max-width: 1024px) 100vw, 1024px\" \/><\/a><\/figure><\/div><div class=\"swiper-slide\"><figure class=\"wp-block-image size-large\"><a href=\"https:\/\/www.lettera43.it\/galleria\/1298984\/676211\"><img data-has-syndication-rights=\"1\" data-portal-copyright=\"Lettera43\" data-licensor-name=\"Lettera43\" decoding=\"async\" width=\"1024\" height=\"768\" data-id=\"676211\" src=\"https:\/\/www.lettera43.it\/wp-content\/uploads\/2018\/05\/254ccd68-2385-4ec4-ace8-5a6aed49f4d2_large-1024x768.jpg\" alt=\"Il trasloco dei vannacciani in Aula irrita qualcuno, il link tra Tinto Brass e l\u2019affaire Minetti e le altre pillole\" class=\"wp-image-676211 lazyload\" title=\"Il trasloco dei vannacciani in Aula irrita qualcuno, il link tra Tinto Brass e l\u2019affaire Minetti e le altre pillole\" data-src=\"https:\/\/www.lettera43.it\/wp-content\/uploads\/2018\/05\/254ccd68-2385-4ec4-ace8-5a6aed49f4d2_large-1024x768.jpg\" loading=\"lazy\" data-has-syndication-rights=\"1\" data-licensor-name=\"Lettera43\" srcset=\"https:\/\/www.lettera43.it\/wp-content\/uploads\/2018\/05\/254ccd68-2385-4ec4-ace8-5a6aed49f4d2_large-1024x768.jpg 1024w, https:\/\/www.lettera43.it\/wp-content\/uploads\/2018\/05\/254ccd68-2385-4ec4-ace8-5a6aed49f4d2_large-300x225.jpg 300w, https:\/\/www.lettera43.it\/wp-content\/uploads\/2018\/05\/254ccd68-2385-4ec4-ace8-5a6aed49f4d2_large-768x576.jpg 768w, https:\/\/www.lettera43.it\/wp-content\/uploads\/2018\/05\/254ccd68-2385-4ec4-ace8-5a6aed49f4d2_large.jpg 1280w\" sizes=\"auto, (max-width: 1024px) 100vw, 1024px\" \/><\/a><\/figure><\/div><div class=\"swiper-slide\"><figure class=\"wp-block-image size-large\"><a href=\"https:\/\/www.lettera43.it\/galleria\/1298984\/676209\"><img data-has-syndication-rights=\"1\" data-portal-copyright=\"Lettera43\" data-licensor-name=\"Lettera43\" decoding=\"async\" width=\"1024\" height=\"767\" data-id=\"676209\" src=\"https:\/\/www.lettera43.it\/wp-content\/uploads\/2018\/05\/80e5b4fa-e71a-4d7c-b40a-e9e9b4d180ed_large-1024x767.jpg\" alt=\"Il trasloco dei vannacciani in Aula irrita qualcuno, il link tra Tinto Brass e l\u2019affaire Minetti e le altre pillole\" class=\"wp-image-676209 lazyload\" title=\"Il trasloco dei vannacciani in Aula irrita qualcuno, il link tra Tinto Brass e l\u2019affaire Minetti e le altre pillole\" data-src=\"https:\/\/www.lettera43.it\/wp-content\/uploads\/2018\/05\/80e5b4fa-e71a-4d7c-b40a-e9e9b4d180ed_large-1024x767.jpg\" loading=\"lazy\" data-has-syndication-rights=\"1\" data-licensor-name=\"Lettera43\" srcset=\"https:\/\/www.lettera43.it\/wp-content\/uploads\/2018\/05\/80e5b4fa-e71a-4d7c-b40a-e9e9b4d180ed_large-1024x767.jpg 1024w, https:\/\/www.lettera43.it\/wp-content\/uploads\/2018\/05\/80e5b4fa-e71a-4d7c-b40a-e9e9b4d180ed_large-300x225.jpg 300w, https:\/\/www.lettera43.it\/wp-content\/uploads\/2018\/05\/80e5b4fa-e71a-4d7c-b40a-e9e9b4d180ed_large-768x575.jpg 768w, https:\/\/www.lettera43.it\/wp-content\/uploads\/2018\/05\/80e5b4fa-e71a-4d7c-b40a-e9e9b4d180ed_large.jpg 1280w\" sizes=\"auto, (max-width: 1024px) 100vw, 1024px\" \/><\/a><\/figure><\/div><div class=\"swiper-slide\"><figure class=\"wp-block-image size-large\"><a href=\"https:\/\/www.lettera43.it\/galleria\/1298984\/676207\"><img data-has-syndication-rights=\"1\" data-portal-copyright=\"Lettera43\" data-licensor-name=\"Lettera43\" decoding=\"async\" width=\"1024\" height=\"685\" data-id=\"676207\" src=\"https:\/\/www.lettera43.it\/wp-content\/uploads\/2018\/05\/ef5d37a7-288e-4e26-a34e-ca246d1090c3_large-1024x685.jpg\" alt=\"Il trasloco dei vannacciani in Aula irrita qualcuno, il link tra Tinto Brass e l\u2019affaire Minetti e le altre pillole\" class=\"wp-image-676207 lazyload\" title=\"Il trasloco dei vannacciani in Aula irrita qualcuno, il link tra Tinto Brass e l\u2019affaire Minetti e le altre pillole\" data-src=\"https:\/\/www.lettera43.it\/wp-content\/uploads\/2018\/05\/ef5d37a7-288e-4e26-a34e-ca246d1090c3_large-1024x685.jpg\" loading=\"lazy\" data-has-syndication-rights=\"1\" data-licensor-name=\"Lettera43\" srcset=\"https:\/\/www.lettera43.it\/wp-content\/uploads\/2018\/05\/ef5d37a7-288e-4e26-a34e-ca246d1090c3_large-1024x685.jpg 1024w, https:\/\/www.lettera43.it\/wp-content\/uploads\/2018\/05\/ef5d37a7-288e-4e26-a34e-ca246d1090c3_large-300x201.jpg 300w, https:\/\/www.lettera43.it\/wp-content\/uploads\/2018\/05\/ef5d37a7-288e-4e26-a34e-ca246d1090c3_large-768x514.jpg 768w, https:\/\/www.lettera43.it\/wp-content\/uploads\/2018\/05\/ef5d37a7-288e-4e26-a34e-ca246d1090c3_large.jpg 1280w\" sizes=\"auto, (max-width: 1024px) 100vw, 1024px\" \/><\/a><\/figure><\/div><div class=\"swiper-slide\"><figure class=\"wp-block-image size-large\"><a href=\"https:\/\/www.lettera43.it\/galleria\/1298984\/676181\"><img data-has-syndication-rights=\"1\" data-portal-copyright=\"Lettera43\" data-licensor-name=\"Lettera43\" decoding=\"async\" width=\"1024\" height=\"682\" data-id=\"676181\" src=\"https:\/\/www.lettera43.it\/wp-content\/uploads\/2018\/05\/3da0b61c-bb1b-4a54-aa2a-f6a2d4041ba2_large-1-1024x682.jpg\" alt=\"Il trasloco dei vannacciani in Aula irrita qualcuno, il link tra Tinto Brass e l\u2019affaire Minetti e le altre pillole\" class=\"wp-image-676181 lazyload\" title=\"Il trasloco dei vannacciani in Aula irrita qualcuno, il link tra Tinto Brass e l\u2019affaire Minetti e le altre pillole\" data-src=\"https:\/\/www.lettera43.it\/wp-content\/uploads\/2018\/05\/3da0b61c-bb1b-4a54-aa2a-f6a2d4041ba2_large-1-1024x682.jpg\" loading=\"lazy\" data-has-syndication-rights=\"1\" data-licensor-name=\"Lettera43\" srcset=\"https:\/\/www.lettera43.it\/wp-content\/uploads\/2018\/05\/3da0b61c-bb1b-4a54-aa2a-f6a2d4041ba2_large-1-1024x682.jpg 1024w, https:\/\/www.lettera43.it\/wp-content\/uploads\/2018\/05\/3da0b61c-bb1b-4a54-aa2a-f6a2d4041ba2_large-1-300x200.jpg 300w, https:\/\/www.lettera43.it\/wp-content\/uploads\/2018\/05\/3da0b61c-bb1b-4a54-aa2a-f6a2d4041ba2_large-1-768x512.jpg 768w, https:\/\/www.lettera43.it\/wp-content\/uploads\/2018\/05\/3da0b61c-bb1b-4a54-aa2a-f6a2d4041ba2_large-1.jpg 1280w\" sizes=\"auto, (max-width: 1024px) 100vw, 1024px\" \/><\/a><\/figure><\/div><div class=\"swiper-slide\"><figure class=\"wp-block-image size-large\"><a href=\"https:\/\/www.lettera43.it\/galleria\/1298984\/1298715\"><img data-has-syndication-rights=\"1\" data-portal-copyright=\"Lettera43\" data-licensor-name=\"Lettera43\" decoding=\"async\" width=\"1200\" height=\"836\" data-id=\"1298715\" src=\"https:\/\/www.lettera43.it\/wp-content\/uploads\/2026\/04\/Imagoeconomica_589966.jpg\" alt=\"Il trasloco dei vannacciani in Aula irrita qualcuno, il link tra Tinto Brass e l\u2019affaire Minetti e le altre pillole\" class=\"wp-image-1298715 lazyload\" title=\"Il trasloco dei vannacciani in Aula irrita qualcuno, il link tra Tinto Brass e l\u2019affaire Minetti e le altre pillole\" data-src=\"https:\/\/www.lettera43.it\/wp-content\/uploads\/2026\/04\/Imagoeconomica_589966.jpg\" loading=\"lazy\" data-has-syndication-rights=\"1\" data-licensor-name=\"Lettera43\" srcset=\"https:\/\/www.lettera43.it\/wp-content\/uploads\/2026\/04\/Imagoeconomica_589966.jpg 1200w, https:\/\/www.lettera43.it\/wp-content\/uploads\/2026\/04\/Imagoeconomica_589966-800x557.jpg 800w, https:\/\/www.lettera43.it\/wp-content\/uploads\/2026\/04\/Imagoeconomica_589966-390x272.jpg 390w\" sizes=\"auto, (max-width: 1200px) 100vw, 1200px\" \/><\/a><\/figure><div class=\"swiper-lazy-preloader\"><\/div><\/div><\/div><div class=\"swiper-pagination\"><\/div><div class=\"swiper-button-next\"><\/div><div class=\"swiper-button-prev\"><\/div><\/div>\n\n\n<h2 class=\"wp-block-heading\">Gasparri e il piano Mattei, con buona pace degli eredi<\/h2>\n\n\n\n<p>Gli eredi <strong>Mattei<\/strong> <a href=\"https:\/\/www.lettera43.it\/nipote-mattei-diffida-meloni-piano-eni\/\"  rel=\"noreferrer noopener\">non ne possono pi\u00f9 di vedere accostato il nome di <strong>Enrico Mattei<\/strong><\/a> al governo di <strong>Giorgia Meloni<\/strong>? Ed ecco che <strong>Maurizio Gasparri<\/strong> nella giornata di mercoled\u00ec 29 aprile diventa il protagonista di un convegno intitolato \u201cEnrico Mattei a 120 anni dalla nascita: l&#8217;energia, il coraggio, la visione\u201d, organizzato dalla <strong>Fondazione Alleanza Nazionale<\/strong>, e da <em>Il Secolo d\u2019Italia<\/em>. Oltre a Gasparri, \u00e8 annunciata la presenza, tra gli altri, dell\u2019ambasciatore <strong>Francesco Tal\u00f2<\/strong> e del direttore scientifico della Fondazione An, il prezzemolino <strong>Francesco Giubilei<\/strong>. Chiss\u00e0 come saranno contenti gli eredi Mattei&#8230;<\/p>\n\n\n<figure class=\"wp-block-image size-full\"><a href=\"https:\/\/www.lettera43.it\/galleria\/1298984\/1293591\"><img data-has-syndication-rights=\"1\" data-portal-copyright=\"Lettera43\" data-licensor-name=\"Lettera43\" decoding=\"async\" width=\"1200\" height=\"800\" src=\"https:\/\/www.lettera43.it\/wp-content\/uploads\/2026\/03\/La-resa-dei-conti-in-Forza-Italia-e-le-altre-pillole-del-giorno-1.jpg\" alt=\"Il trasloco dei vannacciani in Aula irrita qualcuno, il link tra Tinto Brass e l\u2019affaire Minetti e le altre pillole\" class=\"wp-image-1293591 lazyload\" title=\"Il trasloco dei vannacciani in Aula irrita qualcuno, il link tra Tinto Brass e l\u2019affaire Minetti e le altre pillole\" data-src=\"https:\/\/www.lettera43.it\/wp-content\/uploads\/2026\/03\/La-resa-dei-conti-in-Forza-Italia-e-le-altre-pillole-del-giorno-1.jpg\" loading=\"lazy\" data-has-syndication-rights=\"1\" data-licensor-name=\"Lettera43\" srcset=\"https:\/\/www.lettera43.it\/wp-content\/uploads\/2026\/03\/La-resa-dei-conti-in-Forza-Italia-e-le-altre-pillole-del-giorno-1.jpg 1200w, https:\/\/www.lettera43.it\/wp-content\/uploads\/2026\/03\/La-resa-dei-conti-in-Forza-Italia-e-le-altre-pillole-del-giorno-1-800x533.jpg 800w, https:\/\/www.lettera43.it\/wp-content\/uploads\/2026\/03\/La-resa-dei-conti-in-Forza-Italia-e-le-altre-pillole-del-giorno-1-390x260.jpg 390w\" sizes=\"auto, (max-width: 1200px) 100vw, 1200px\" \/><\/a><figcaption class=\"wp-element-caption\">Maurizio Gasparri (Imagoeconomica).<\/figcaption><\/figure>\n\n\n<h2 class=\"wp-block-heading\">Manfredi e la Guardia di Finanza festeggiano<\/h2>\n\n\n\n<p>A <strong>Napoli<\/strong> saranno presenti il comandante interregionale dell&#8217;Italia Meridionale della Guardia di Finanza, generale di Corpo d&#8217;Armata <strong>Francesco Greco<\/strong>, il comandante regionale Campania del Corpo, generale di Divisione <strong>Alessandro Barbera<\/strong> e il direttore regionale della Campania dell&#8217;Agenzia del Demanio,<strong> Cristian Torretta<\/strong>, oltre al prefetto <strong>Michele di Bari<\/strong> e al sindaco <strong>Gaetano Manfredi<\/strong>: tutti pronti a festeggiare la consegna dell&#8217;ex Pretura di Napoli in piazza Giovanni Leone, a ridosso di Porta Capuana, al Nucleo di Polizia economico-finanziaria della Guardia di Finanza di Napoli. Una nuova sede che per\u00f2 avr\u00e0 bisogno di un importante intervento di ristrutturazione, prima di essere utilizzata.<\/p>\n\n\n<figure class=\"wp-block-image size-full\"><a href=\"https:\/\/www.lettera43.it\/galleria\/1298984\/1267431\"><img data-has-syndication-rights=\"1\" data-portal-copyright=\"Lettera43\" data-licensor-name=\"Lettera43\" decoding=\"async\" width=\"1200\" height=\"799\" src=\"https:\/\/www.lettera43.it\/wp-content\/uploads\/2025\/11\/E-Gaetano-Manfredi-il-nuovo-punto-di-riferimento-del-campo-largo.jpg\" alt=\"Il trasloco dei vannacciani in Aula irrita qualcuno, il link tra Tinto Brass e l\u2019affaire Minetti e le altre pillole\" class=\"wp-image-1267431 lazyload\" title=\"Il trasloco dei vannacciani in Aula irrita qualcuno, il link tra Tinto Brass e l\u2019affaire Minetti e le altre pillole\" data-src=\"https:\/\/www.lettera43.it\/wp-content\/uploads\/2025\/11\/E-Gaetano-Manfredi-il-nuovo-punto-di-riferimento-del-campo-largo.jpg\" loading=\"lazy\" data-has-syndication-rights=\"1\" data-licensor-name=\"Lettera43\" srcset=\"https:\/\/www.lettera43.it\/wp-content\/uploads\/2025\/11\/E-Gaetano-Manfredi-il-nuovo-punto-di-riferimento-del-campo-largo.jpg 1200w, https:\/\/www.lettera43.it\/wp-content\/uploads\/2025\/11\/E-Gaetano-Manfredi-il-nuovo-punto-di-riferimento-del-campo-largo-800x533.jpg 800w, https:\/\/www.lettera43.it\/wp-content\/uploads\/2025\/11\/E-Gaetano-Manfredi-il-nuovo-punto-di-riferimento-del-campo-largo-390x260.jpg 390w\" sizes=\"auto, (max-width: 1200px) 100vw, 1200px\" \/><\/a><figcaption class=\"wp-element-caption\">Gaetano Manfredi (Imagoeconomica).<\/figcaption><\/figure>","protected":false},"excerpt":{"rendered":"<p>I deputati Ziello, Sasso e Pozzolo sono stati trasferiti alla Camera, vicino a Noi moderati. C&#8217;\u00e8 chi non l&#8217;ha presa bene e si \u00e8 spostata per non apparire nelle foto con loro. E sapevate che la zia di Cipriani, il compagno dell&#8217;ex igienista dentale, era sposata con il maestro del cinema erotico?<\/p>\n","protected":false},"author":4,"featured_media":0,"comment_status":"closed","ping_status":"closed","sticky":false,"template":"","format":"standard","meta":{"om_disable_all_campaigns":false,"_monsterinsights_skip_tracking":false,"_monsterinsights_sitenote_active":false,"_monsterinsights_sitenote_note":"","_monsterinsights_sitenote_category":0,"footnotes":""},"categories":[417,15],"tags":[],"class_list":["post-828416","post","type-post","status-publish","format-standard","hentry","category-corridoi","category-politica"],"aioseo_notices":[],"_links":{"self":[{"href":"https:\/\/nugnes.com\/index.php?rest_route=\/wp\/v2\/posts\/828416","targetHints":{"allow":["GET"]}}],"collection":[{"href":"https:\/\/nugnes.com\/index.php?rest_route=\/wp\/v2\/posts"}],"about":[{"href":"https:\/\/nugnes.com\/index.php?rest_route=\/wp\/v2\/types\/post"}],"author":[{"embeddable":true,"href":"https:\/\/nugnes.com\/index.php?rest_route=\/wp\/v2\/users\/4"}],"replies":[{"embeddable":true,"href":"https:\/\/nugnes.com\/index.php?rest_route=%2Fwp%2Fv2%2Fcomments&post=828416"}],"version-history":[{"count":1,"href":"https:\/\/nugnes.com\/index.php?rest_route=\/wp\/v2\/posts\/828416\/revisions"}],"predecessor-version":[{"id":828417,"href":"https:\/\/nugnes.com\/index.php?rest_route=\/wp\/v2\/posts\/828416\/revisions\/828417"}],"wp:attachment":[{"href":"https:\/\/nugnes.com\/index.php?rest_route=%2Fwp%2Fv2%2Fmedia&parent=828416"}],"wp:term":[{"taxonomy":"category","embeddable":true,"href":"https:\/\/nugnes.com\/index.php?rest_route=%2Fwp%2Fv2%2Fcategories&post=828416"},{"taxonomy":"post_tag","embeddable":true,"href":"https:\/\/nugnes.com\/index.php?rest_route=%2Fwp%2Fv2%2Ftags&post=828416"}],"curies":[{"name":"wp","href":"https:\/\/api.w.org\/{rel}","templated":true}]}}