{"id":828425,"date":"2026-04-29T14:19:44","date_gmt":"2026-04-29T14:19:44","guid":{"rendered":"http:\/\/nugnes.com\/?guid=b1df29ca5b54c88b056d20ce03c10ca5"},"modified":"2026-04-29T15:44:19","modified_gmt":"2026-04-29T15:44:19","slug":"crans-montana-nuova-inchiesta-in-svizzera-sulla-gestione-dei-soccorsi","status":"publish","type":"post","link":"https:\/\/nugnes.com\/?p=828425","title":{"rendered":"Nuova inchiesta svizzera sulla gestione dei soccorsi a Crans Montana. L&#8217;Italia parte civil&#8230;"},"content":{"rendered":"<p>AGI - Nuovi sviluppi nelle indagini in <strong>Svizzera<\/strong> sul rogo di Capodanno. La <strong>procura del Cantone del Vallese<\/strong>, che indaga sulla <strong>strage a Crans-Montana<\/strong>, ha aperto una nuova <strong>inchiesta<\/strong> sulla <strong>gestione dei soccorsi<\/strong> al <strong>Le Constellation<\/strong>. A riferirlo \u00e8 stato lo <strong>studio legale Ventimiglia<\/strong> in una nota.<\/p>\n<h2>Nuova inchiesta in Svizzera&nbsp;<\/h2>\n<p>\"La <strong>Procura del Cantone Vallese<\/strong> ci ha comunicato che, a seguito della <strong>denuncia<\/strong> e delle <strong>istanze<\/strong> da noi presentate nelle settimane scorse, \u00e8 stato avviato un <strong>secondo e specifico procedimento penale<\/strong> volto ad accertare eventuali <strong>responsabilit\u00e0<\/strong> dell'<strong>Ocvs<\/strong> (l'<strong>Organisation cantonale valaisanne des secours<\/strong>) nella <strong>gestione dei soccorsi<\/strong> durante la <strong>tragica notte del primo gennaio<\/strong>\"<\/p>\n<p>Secondo gli <strong>avvocati Fabrizio Ventimiglia<\/strong> e <strong>Pierluca Degni<\/strong>, <strong>testimonianze<\/strong> e <strong>filmati<\/strong> \"sollevano rilevanti interrogativi sulla <strong>gestione delle prime fasi dell'emergenza<\/strong>, sotto il profilo della <strong>carenza di bombole di ossigeno<\/strong> e <strong>barelle<\/strong>, oltre che alla <strong>scarsa disponibilit\u00e0 di coperte termiche<\/strong>\".<\/p>\n<p>\"Qualora tali criticit\u00e0 trovassero conferma, il loro rilievo causale rispetto all'aggravamento delle condizioni di salute di Sofia (Donadio, assistita dallo studio Ventimiglia, ndr) e degli altri ragazzi coinvolti sarebbe evidente\", hanno spiegato gli avvocati.&nbsp; \"<strong>Attendiamo q<\/strong>uindi con <strong>fiducia<\/strong> gli <strong>sviluppi<\/strong> di questo ulteriore <strong>filone d'indagine<\/strong>\", hanno concluso<\/p>\n<h2>\"Immagini dure e toccanti\"&nbsp;<\/h2>\n<p><strong>Immagini<\/strong> \"dure e toccanti\" che \"confermano i dubbi sulla <strong>ricostruzione di Jessica Moretti<\/strong>\": Fabrizio Ventimiglia, Marco&nbsp;Giannone e Davide Zaninetta, legali&nbsp;di una ragazza ferita al 'Le Constellation', sintetizzano lo stato d'animo e gli spunti investigativi dopo la visione, ieri,&nbsp; delle <strong>immagini della strage nel locale di Crans-Montana <\/strong>messe a disposizione dagli inquirenti.<\/p>\n<p>&nbsp;\"Abbiamo visionato le immagini della <strong>strage del primo gennaio<\/strong> al <strong>Le Constellation<\/strong>. Si tratta di immagini estremamente dure, toccanti e difficili da commentare ma che segnano un passaggio cruciale nelle <strong>indagini<\/strong> e che confermano i dubbi gi\u00e0 emersi sulla <strong>veridicit\u00e0 della ricostruzione<\/strong> offerta da <strong>Jessica Moretti<\/strong> nel corso delle sue <strong>audizioni\",&nbsp;<\/strong>affermano i legali.<\/p>\n<h2>\"I video contraddicono Jessica Moretti\"&nbsp;<\/h2>\n<p>\"Dai video emerge una <strong>dinamica<\/strong> molto chiara che contrasta con quanto finora dichiarato da <strong>Jessica Moretti<\/strong> sia con riferimento al momento dell\u2019<strong>innesco dell'incendio<\/strong> sia con riferimento ai momenti immediatamente successivi\".<\/p>\n<p>\"Si colgono, inoltre, evidenti <strong>criticit\u00e0 nella gestione dell\u2019emergenza<\/strong>, con <strong>personale<\/strong> che appare non adeguatamente <strong>formato<\/strong> che mostra difficolt\u00e0 concrete anche nell\u2019individuazione degli <strong>estintori<\/strong>. Sono pochi, drammatici secondi durante i quali chi avrebbe dovuto avere quantomeno il <strong>senso di responsabilit\u00e0<\/strong> di <strong>avvisare<\/strong> e <strong>informare<\/strong> tutti gli <strong>avventori<\/strong> del locale del <strong>pericolo<\/strong> \u00e8 tra i primi a <strong>scappare<\/strong>\", concludono.<\/p>\n<h2>L'Italia intende costituirsi parte civile<\/h2>\n<p>Intanto,<strong> \"la Presidenza del Consiglio dei ministri,<\/strong> tramite l'Avvocatura Generale dello Stato, che a sua volta ha delegato uno studio legale elvetico, ha depositato l'atto di <strong>costituzione di parte civile della Repubblica Italiana <\/strong>nel procedimento penale relativo all'incendio avvenuto a Crans-Montana tra il 31 dicembre 2025 e il 1 gennaio 2026\". Lo afferma una nota di Palazzo Chigi.<\/p>\n<p>\"La decisione - si legge - \u00e8 motivata dal <strong>danno diretto arrecato al patrimonio dello Stato italiano<\/strong> a causa delle ingenti risorse mobilitate dal Servizio nazionale della Protezione civile per l'assistenza medica, psicologica e logistica ai connazionali coinvolti. Sotto il profilo delle responsabilit\u00e0, il documento di costituzione di parte civile evidenzia come il <strong>coinvolgimento delle autorit\u00e0 locali<\/strong> nella genesi dell'evento sia considerato estremamente verosimile, giustificando la ferma richiesta di ristoro contro tutti i soggetti civilmente responsabili\".<\/p>\n<p>\"Il Governo italiano - prosegue la nota - continuer\u00e0 ad assicurare il massimo impegno nel monitorare ogni fase del procedimento giudiziario in Svizzera, garantendo un'informazione costante e trasparente sulle proprie iniziative e confermando il pieno e ininterrotto supporto alle famiglie delle vittime e ai feriti, affinch\u00e8 sia fatta piena luce sulle responsabilit\u00e0 e sia resa giustizia per il grave danno subito dalla comunit\u00e0 nazionale\".<\/p>","protected":false},"excerpt":{"rendered":"<p>AGI &#8211; Nuovi sviluppi nelle indagini in Svizzera sul rogo di Capodanno. La procura del Cantone del Vallese, che indaga sulla strage a Crans-Montana, ha aperto una nuova inchiesta sulla gestione dei soccorsi al Le Constellation. A riferirlo \u00e8 stato lo st&#8230;<\/p>\n","protected":false},"author":298,"featured_media":0,"comment_status":"closed","ping_status":"closed","sticky":false,"template":"","format":"standard","meta":{"om_disable_all_campaigns":false,"_monsterinsights_skip_tracking":false,"_monsterinsights_sitenote_active":false,"_monsterinsights_sitenote_note":"","_monsterinsights_sitenote_category":0,"footnotes":""},"categories":[10,1531],"tags":[],"class_list":["post-828425","post","type-post","status-publish","format-standard","hentry","category-cronaca","category-komposer"],"aioseo_notices":[],"_links":{"self":[{"href":"https:\/\/nugnes.com\/index.php?rest_route=\/wp\/v2\/posts\/828425","targetHints":{"allow":["GET"]}}],"collection":[{"href":"https:\/\/nugnes.com\/index.php?rest_route=\/wp\/v2\/posts"}],"about":[{"href":"https:\/\/nugnes.com\/index.php?rest_route=\/wp\/v2\/types\/post"}],"author":[{"embeddable":true,"href":"https:\/\/nugnes.com\/index.php?rest_route=\/wp\/v2\/users\/298"}],"replies":[{"embeddable":true,"href":"https:\/\/nugnes.com\/index.php?rest_route=%2Fwp%2Fv2%2Fcomments&post=828425"}],"version-history":[{"count":2,"href":"https:\/\/nugnes.com\/index.php?rest_route=\/wp\/v2\/posts\/828425\/revisions"}],"predecessor-version":[{"id":828441,"href":"https:\/\/nugnes.com\/index.php?rest_route=\/wp\/v2\/posts\/828425\/revisions\/828441"}],"wp:attachment":[{"href":"https:\/\/nugnes.com\/index.php?rest_route=%2Fwp%2Fv2%2Fmedia&parent=828425"}],"wp:term":[{"taxonomy":"category","embeddable":true,"href":"https:\/\/nugnes.com\/index.php?rest_route=%2Fwp%2Fv2%2Fcategories&post=828425"},{"taxonomy":"post_tag","embeddable":true,"href":"https:\/\/nugnes.com\/index.php?rest_route=%2Fwp%2Fv2%2Ftags&post=828425"}],"curies":[{"name":"wp","href":"https:\/\/api.w.org\/{rel}","templated":true}]}}