{"id":828428,"date":"2026-04-29T14:53:51","date_gmt":"2026-04-29T14:53:51","guid":{"rendered":"https:\/\/www.lettera43.it\/?p=1299134"},"modified":"2026-04-29T14:53:51","modified_gmt":"2026-04-29T14:53:51","slug":"istituita-la-giornata-in-memoria-giornalisti-uccisi-perche-e-stato-scelto-il-3-maggio","status":"publish","type":"post","link":"https:\/\/nugnes.com\/?p=828428","title":{"rendered":"Istituita la Giornata in memoria giornalisti uccisi: perch\u00e9 \u00e8 stato scelto il 3 maggio"},"content":{"rendered":"\n<p>Dopo il via libera della Camera dei deputati a luglio del 2025 \u00e8 arrivato anche l\u2019ok definitivo dell&#8217;aula del Senato alla legge che istituisce la <strong>Giornata nazionale in memoria dei giornalisti uccisi <\/strong>a causa dello svolgimento della loro professione. La ricorrenza verr\u00e0 celebrata il <strong>3 maggio<\/strong>, dunque gi\u00e0 la prossima domenica. Negli ultimi 20 anni, in tutto il mondo, sono stati uccisi circa 1.500 giornalisti.<\/p>\n\n\n\n<h2 class=\"wp-block-heading\">Il 3 maggio \u00e8 la Giornata mondiale della libert\u00e0 di stampa<\/h2>\n\n\n\n<p>Per la Giornata nazionale in memoria dei giornalisti uccisi \u00e8 stato scelto il 3 maggio perch\u00e9 in questa data viene gi\u00e0 celebrata la <strong>Giornata mondiale della libert\u00e0 di stampa<\/strong>. Paolo Emilio Russo, deputato di Forza Italia, ha detto che la data scelta \u00e8 \u00abun segnale importante di attenzione ad una categoria che ha dato un contributo prezioso alla nostra democrazia e a un settore, quello del giornalismo e dell&#8217;editoria, attraversato da una vera e propria rivoluzione\u00bb.<\/p>\n\n\n\n<blockquote class=\"twitter-tweet\"><p lang=\"it\" dir=\"ltr\">Il Governo accoglie con grande soddisfazione l\u2019approvazione unanime in Senato della proposta di legge che istituisce la Giornata nazionale in memoria dei giornalisti uccisi a causa del loro lavoro. Un riconoscimento dovuto e atteso da molti anni. Da oggi in poi, ogni 3 maggio,\u2026<\/p>&mdash; Giorgia Meloni (@GiorgiaMeloni) <a href=\"https:\/\/twitter.com\/GiorgiaMeloni\/status\/2049494412640608710?ref_src=twsrc%5Etfw\">April 29, 2026<\/a><\/blockquote> <script async src=\"https:\/\/platform.twitter.com\/widgets.js\" charset=\"utf-8\"><\/script>\n\n\n\n<h2 class=\"wp-block-heading\">Meloni: \u00abUn dovere onorare la memoria dei giornalisti uccisi\u00bb<\/h2>\n\n\n\n<p>\u00abDa oggi in poi, ogni 3 maggio, l\u2019Italia render\u00e0 omaggio a tutti quei giornalisti che hanno perso la propria vita per garantire il diritto dei cittadini ad essere informati, facendo arrivare i nostri occhi dove altrimenti non sarebbero arrivati, in Italia come all\u2019estero\u00bb, ha dichiarato <strong>Giorgia Meloni<\/strong>, ricordando poi \u00abfigure come Cosimo Cristina, Mauro De Mauro, Giovanni Spampinato, Peppino Impastato, Mario Francese, Giuseppe Fava, Mauro Rostagno, Beppe Alfano, Giancarlo Siani, Walter Tobagi, Ilaria Alpi e Miran Hrovatin, Marco Luchetta, Alessandro Sa\u0161a Ota, Dario D\u2019Angelo, Antonio Russo, Enzo Baldoni, Andrea Rocchelli, Maria Grazia Cutuli, Almerigo Grilz\u00bb. Uomini e donna, ha sottolineato la presidente del Consiglio, che \u00abhanno messo la propria passione e la propria professionalit\u00e0 al servizio di tutti noi, e che tutti noi abbiamo il dovere di onorare\u00bb.<\/p>\n","protected":false},"excerpt":{"rendered":"<p>In questa data viene anche celebrata la Giornata mondiale della libert\u00e0 di stampa. Meloni: \u00abUn dovere omaggiare chi ha perso la vita per garantire il diritto dei cittadini a essere informati\u00bb.<\/p>\n","protected":false},"author":4,"featured_media":0,"comment_status":"closed","ping_status":"closed","sticky":false,"template":"","format":"standard","meta":{"om_disable_all_campaigns":false,"_monsterinsights_skip_tracking":false,"_monsterinsights_sitenote_active":false,"_monsterinsights_sitenote_note":"","_monsterinsights_sitenote_category":0,"footnotes":""},"categories":[745,1612],"tags":[],"class_list":["post-828428","post","type-post","status-publish","format-standard","hentry","category-attualita","category-ultima-ora"],"aioseo_notices":[],"_links":{"self":[{"href":"https:\/\/nugnes.com\/index.php?rest_route=\/wp\/v2\/posts\/828428","targetHints":{"allow":["GET"]}}],"collection":[{"href":"https:\/\/nugnes.com\/index.php?rest_route=\/wp\/v2\/posts"}],"about":[{"href":"https:\/\/nugnes.com\/index.php?rest_route=\/wp\/v2\/types\/post"}],"author":[{"embeddable":true,"href":"https:\/\/nugnes.com\/index.php?rest_route=\/wp\/v2\/users\/4"}],"replies":[{"embeddable":true,"href":"https:\/\/nugnes.com\/index.php?rest_route=%2Fwp%2Fv2%2Fcomments&post=828428"}],"version-history":[{"count":1,"href":"https:\/\/nugnes.com\/index.php?rest_route=\/wp\/v2\/posts\/828428\/revisions"}],"predecessor-version":[{"id":828429,"href":"https:\/\/nugnes.com\/index.php?rest_route=\/wp\/v2\/posts\/828428\/revisions\/828429"}],"wp:attachment":[{"href":"https:\/\/nugnes.com\/index.php?rest_route=%2Fwp%2Fv2%2Fmedia&parent=828428"}],"wp:term":[{"taxonomy":"category","embeddable":true,"href":"https:\/\/nugnes.com\/index.php?rest_route=%2Fwp%2Fv2%2Fcategories&post=828428"},{"taxonomy":"post_tag","embeddable":true,"href":"https:\/\/nugnes.com\/index.php?rest_route=%2Fwp%2Fv2%2Ftags&post=828428"}],"curies":[{"name":"wp","href":"https:\/\/api.w.org\/{rel}","templated":true}]}}