{"id":828430,"date":"2026-04-29T13:57:00","date_gmt":"2026-04-29T13:57:00","guid":{"rendered":"https:\/\/www.lettera43.it\/?p=1299108"},"modified":"2026-04-29T13:57:00","modified_gmt":"2026-04-29T13:57:00","slug":"milano-33enne-aggredito-per-aver-strappato-i-manifesti-per-ramelli","status":"publish","type":"post","link":"https:\/\/nugnes.com\/?p=828430","title":{"rendered":"Milano, 33enne aggredito per aver strappato i manifesti per Ramelli"},"content":{"rendered":"\n<p>Un uomo di 33 anni \u00e8 stato <strong>aggredito<\/strong> per aver <strong>strappato<\/strong> alcuni <strong>manifesti<\/strong> dedicati a <strong>Sergio Ramelli<\/strong>, il giovane del Fronte della giovent\u00f9 di cui il 29 aprile si commemora la morte per mano di esponenti di Avanguardia operaia. \u00c8 accaduto nella zona di via Aselli a <strong>Milano<\/strong>, dove in serata \u00e8 prevista la partenza della parata in onore di Ramelli. Secondo una prima ricostruzione, il trentatreenne \u00e8 stato avvicinato da alcune persone, probabilmente militanti di <strong>estrema destra<\/strong>, che lo avrebbero colpito con<strong> calci e pugni<\/strong>, per poi allontanarsi in auto. L&#8217;uomo \u00e8 stato trasportato in codice verde in ospedale con ferite lievi.<\/p>\n\n\n\n<h2 class=\"wp-block-heading\">De Corato: \u00abSe l&#8217;\u00e8 cercata\u00bb<\/h2>\n\n\n\n<p>\u00abUno che va a strappare i manifesti di Ramelli gi\u00e0 \u00e8 grave, che lo faccia il giorno in cui \u00e8 stato ammazzato\u2026 non aggiungo altro\u00bb. Cos\u00ec il deputato di Fratelli d&#8217;Italia <strong>Riccardo De Corato <\/strong>ha commentato la vicenda. \u00ab\u00c8 stato picchiato perch\u00e9 <strong>ha voluto andarsele a prendere<\/strong>. Uno che va a strappare i manifesti di Sergio Ramelli il giorno che \u00e8 morto, insomma\u2026\u00bb. \u00abSe questo \u00e8 avvenuto e il responsabile \u00e8 uno di destra ovviamente \u00e8 da condannare tanto quanto fosse stato uno di sinistra\u00bb, ha aggiunto l&#8217;assessore regionale ed esponente di Fratelli d&#8217;Italia <strong>Romano La Russa<\/strong>. \u00abSiamo contrari a ogni forma di violenza politica da sempre. Se c&#8217;\u00e8 una responsabilit\u00e0 di qualche elemento di destra, come diceva Almirante pena di morte per i terroristi di sinistra, doppia pena di morte per i terroristi di destra\u00bb.<\/p>\n","protected":false},"excerpt":{"rendered":"<p>\u00c8 accaduto nella zona di via Aselli, dove in serata \u00e8 prevista la partenza della parata in onore del giovane ucciso nel 1975. De Corato: \u00abSe l&#8217;\u00e8 cercata\u00bb.<\/p>\n","protected":false},"author":4,"featured_media":0,"comment_status":"closed","ping_status":"closed","sticky":false,"template":"","format":"standard","meta":{"om_disable_all_campaigns":false,"_monsterinsights_skip_tracking":false,"_monsterinsights_sitenote_active":false,"_monsterinsights_sitenote_note":"","_monsterinsights_sitenote_category":0,"footnotes":""},"categories":[10,1612],"tags":[],"class_list":["post-828430","post","type-post","status-publish","format-standard","hentry","category-cronaca","category-ultima-ora"],"aioseo_notices":[],"_links":{"self":[{"href":"https:\/\/nugnes.com\/index.php?rest_route=\/wp\/v2\/posts\/828430","targetHints":{"allow":["GET"]}}],"collection":[{"href":"https:\/\/nugnes.com\/index.php?rest_route=\/wp\/v2\/posts"}],"about":[{"href":"https:\/\/nugnes.com\/index.php?rest_route=\/wp\/v2\/types\/post"}],"author":[{"embeddable":true,"href":"https:\/\/nugnes.com\/index.php?rest_route=\/wp\/v2\/users\/4"}],"replies":[{"embeddable":true,"href":"https:\/\/nugnes.com\/index.php?rest_route=%2Fwp%2Fv2%2Fcomments&post=828430"}],"version-history":[{"count":1,"href":"https:\/\/nugnes.com\/index.php?rest_route=\/wp\/v2\/posts\/828430\/revisions"}],"predecessor-version":[{"id":828431,"href":"https:\/\/nugnes.com\/index.php?rest_route=\/wp\/v2\/posts\/828430\/revisions\/828431"}],"wp:attachment":[{"href":"https:\/\/nugnes.com\/index.php?rest_route=%2Fwp%2Fv2%2Fmedia&parent=828430"}],"wp:term":[{"taxonomy":"category","embeddable":true,"href":"https:\/\/nugnes.com\/index.php?rest_route=%2Fwp%2Fv2%2Fcategories&post=828430"},{"taxonomy":"post_tag","embeddable":true,"href":"https:\/\/nugnes.com\/index.php?rest_route=%2Fwp%2Fv2%2Ftags&post=828430"}],"curies":[{"name":"wp","href":"https:\/\/api.w.org\/{rel}","templated":true}]}}