{"id":828450,"date":"2026-04-29T18:25:08","date_gmt":"2026-04-29T18:25:08","guid":{"rendered":"http:\/\/nugnes.com\/?guid=6a48b1c6fb8678f2867a164e7521e161"},"modified":"2026-04-29T21:13:11","modified_gmt":"2026-04-29T21:13:11","slug":"caso-garlasco-la-procura-di-pavia-andrea-sempio-ha-ucciso-da-solo-chiara-poggi","status":"publish","type":"post","link":"https:\/\/nugnes.com\/?p=828450","title":{"rendered":"Caso Garlasco, la procura di Pavia: &#8220;Andrea Sempio ha ucciso da solo Chiara Poggi&#8221;"},"content":{"rendered":"<p>AGI -<strong>&nbsp;Andrea Sempio<\/strong> non \u00e8 pi\u00f9 in concorso con ignoti o con <strong>Alberto Stasi<\/strong> nel capo di imputazione in cui gli viene contestato di essere il responsabile dell\u2019omicidio di <strong>Chiara Poggi.<\/strong> <strong>\u00c8 la novit\u00e0 contenuta&nbsp;<\/strong>nell\u2019invito a comparire redatto dalla procura di Pavia per l\u2019amico del fratello della 26enne uccisa a Garlasco il 13 agosto 2007 nella villetta di famiglia.<\/p>\n<p>La modifica del capo di imputazione verosimilmente \u00e8 legato anche alla trasmissione alla procura generale di Milano di un\u2019informativa utile a presentare un\u2019eventuale istanza di revisione per l\u2019allora fidanzato di Chiara Poggi, unico condannato in via definitiva a 16 anni di reclusione per il delitto.&nbsp;<\/p>\n<h2>Interrogatorio di Sempio il 6 maggio<\/h2>\n<p><strong>La Procura di Pavia <\/strong>vuole interrogare Sempio il&nbsp;prossimo 6 maggio nell'ambito della nuova inchiesta che lo vede indagato per <strong>il delitto di Garlasco<\/strong>. E' la seconda volta che i pm, diretti da <strong>Fabio Napoleone, <\/strong>convocano l'amico del fratello di <strong>Chiara Poggi<\/strong>.&nbsp;La prima volta, il 20 maggio 2025, il 38enne consigliato dai suoi avvocati aveva legittimamente deciso di non presentarsi.&nbsp;<\/p>\n<h2>Contestate due aggravanti<\/h2>\n<p>A Sempio sono contestate anche le <strong>aggravanti dei motivi abietti e futili e della crudelt\u00e0 <\/strong>nel nuovo capo di imputazione per l'omicidio di Chiara Poggi. Le due aggravanti, qualora riconosciute in un eventuale processo, possono portare a una condanna all'ergastolo.<\/p>\n<h2>La revisione per Alberto Stasi<\/h2>\n<p>Cinque giorni fa lo stesso capo della procura,<strong>&nbsp;Napoleone, <\/strong>ha incontrato la procuratrice generale di Milano,<strong> Francesca Nanni:<\/strong> oggetto del vertice l'eventuale richiesta di revisione della sentenza di condanna per <strong>Alberto Stasi.<\/strong><\/p>\n<p>\"Io e l'avvocato generale <strong>Lucilla Tontodonati<\/strong> abbiamo incontrato il Procuratore di Pavia - aveva detto quel giorno la pg Nanni -. Nelle prossime settimane la Procura di Pavia mander\u00e0 alla Procura Generale un'informativa su quello che \u00e8 stato fatto per quanto riguarda il delitto di Garlasco dalla Procura di Pavia e poi valuteremo se chiedere ulteriori atti. Non possiamo fare alcuna altra dichiarazione ai fini di un'eventuale revisione perch\u00e8 dobbiamo prima studiare le carte. Non sar\u00e0 uno studio n\u00e8 veloce n\u00e8 facile perch\u00e9 dobbiamo leggere attentamente le carte e poi valuteremo se chiedere ulteriori atti\".&nbsp;<\/p>","protected":false},"excerpt":{"rendered":"<p>AGI &#8211;&nbsp;Andrea Sempio non \u00e8 pi\u00f9 in concorso con ignoti o con Alberto Stasi nel capo di imputazione in cui gli viene contestato di essere il responsabile dell\u2019omicidio di Chiara Poggi. \u00c8 la novit\u00e0 contenuta&nbsp;nell\u2019invito a comparire redatto dalla &#8230;<\/p>\n","protected":false},"author":298,"featured_media":0,"comment_status":"closed","ping_status":"closed","sticky":false,"template":"","format":"standard","meta":{"om_disable_all_campaigns":false,"_monsterinsights_skip_tracking":false,"_monsterinsights_sitenote_active":false,"_monsterinsights_sitenote_note":"","_monsterinsights_sitenote_category":0,"footnotes":""},"categories":[10,1531],"tags":[],"class_list":["post-828450","post","type-post","status-publish","format-standard","hentry","category-cronaca","category-komposer"],"aioseo_notices":[],"_links":{"self":[{"href":"https:\/\/nugnes.com\/index.php?rest_route=\/wp\/v2\/posts\/828450","targetHints":{"allow":["GET"]}}],"collection":[{"href":"https:\/\/nugnes.com\/index.php?rest_route=\/wp\/v2\/posts"}],"about":[{"href":"https:\/\/nugnes.com\/index.php?rest_route=\/wp\/v2\/types\/post"}],"author":[{"embeddable":true,"href":"https:\/\/nugnes.com\/index.php?rest_route=\/wp\/v2\/users\/298"}],"replies":[{"embeddable":true,"href":"https:\/\/nugnes.com\/index.php?rest_route=%2Fwp%2Fv2%2Fcomments&post=828450"}],"version-history":[{"count":4,"href":"https:\/\/nugnes.com\/index.php?rest_route=\/wp\/v2\/posts\/828450\/revisions"}],"predecessor-version":[{"id":828457,"href":"https:\/\/nugnes.com\/index.php?rest_route=\/wp\/v2\/posts\/828450\/revisions\/828457"}],"wp:attachment":[{"href":"https:\/\/nugnes.com\/index.php?rest_route=%2Fwp%2Fv2%2Fmedia&parent=828450"}],"wp:term":[{"taxonomy":"category","embeddable":true,"href":"https:\/\/nugnes.com\/index.php?rest_route=%2Fwp%2Fv2%2Fcategories&post=828450"},{"taxonomy":"post_tag","embeddable":true,"href":"https:\/\/nugnes.com\/index.php?rest_route=%2Fwp%2Fv2%2Ftags&post=828450"}],"curies":[{"name":"wp","href":"https:\/\/api.w.org\/{rel}","templated":true}]}}