{"id":828502,"date":"2026-04-30T13:24:14","date_gmt":"2026-04-30T13:24:14","guid":{"rendered":"https:\/\/www.lettera43.it\/?p=1299354"},"modified":"2026-04-30T13:24:14","modified_gmt":"2026-04-30T13:24:14","slug":"intelligenza-artificiale-a-ugento-il-confronto-su-rischi-opportunita-e-impatto-su-lavoro-e-informazione-2","status":"publish","type":"post","link":"https:\/\/nugnes.com\/?p=828502","title":{"rendered":"Intelligenza artificiale, a Ugento il confronto su rischi, opportunit\u00e0 e impatto su lavoro e informazione"},"content":{"rendered":"\n<p>Ampia partecipazione e grande interesse hanno caratterizzato il convegno dedicato all\u2019<strong>intelligenza artificiale <\/strong>che si \u00e8 svolto marted\u00ec 28 aprile a Ugento. L\u2019iniziativa, promossa dalla Confraternita San Giuseppe e Santi Medici, ha richiamato cittadini, studenti e professionisti, confermando la centralit\u00e0 del tema nel dibattito contemporaneo e nella vita quotidiana. Fin dall\u2019apertura dei lavori \u00e8 emersa con forza la linea guida dell\u2019incontro: la necessit\u00e0 di comprendere l\u2019intelligenza artificiale <strong>per non subirne passivamente gli effetti<\/strong>. Un messaggio che ha fatto da filo conduttore agli interventi, tutti orientati a fornire strumenti di lettura critica di una trasformazione ormai in atto.<\/p>\n\n\n\n<h2 class=\"wp-block-heading\">Opportunit\u00e0 e criticit\u00e0 legate all&#8217;IA al centro degli interventi<\/h2>\n\n\n\n<p>Ad aprire il confronto \u00e8 stato <strong>Salvatore Chiga<\/strong>, che ha evidenziato come l\u2019IA non rappresenti pi\u00f9 uno scenario futuro, ma una <strong>realt\u00e0 gi\u00e0 operativa<\/strong>, capace di incidere profondamente sui modelli produttivi e sull\u2019organizzazione del lavoro. A seguire, mons. <strong>Vito Angiuli <\/strong>ha proposto una riflessione etica, sottolineando l\u2019importanza di <strong>mantenere al centro la persona e la tutela dei diritti<\/strong> in un contesto sempre pi\u00f9 guidato da sistemi algoritmici. Particolarmente atteso l\u2019intervento del giornalista <strong>Paolo Liguori<\/strong>, che ha posto l\u2019attenzione sulle trasformazioni dell\u2019informazione nell\u2019era digitale. Al centro del suo contributo il tema della <strong>disinformazione<\/strong>, alimentata dalla crescente diffusione di contenuti generati automaticamente e da meccanismi di <strong>personalizzazione<\/strong> che influenzano l\u2019accesso alle notizie. Su questa linea si \u00e8 inserito <strong>Francesco Apicella<\/strong>, founder di Evolution Group, che ha illustrato opportunit\u00e0 e criticit\u00e0 legate all\u2019uso dei dati, soffermandosi in particolare sul fenomeno del <strong>bias algoritmico<\/strong>. A concludere la sessione degli interventi \u00e8 stato <strong>Emanuele Callioni<\/strong>, direttore generale di Evolution Group, che ha offerto uno sguardo sulle applicazioni dell\u2019intelligenza artificiale nei <strong>settori culturale e turistico<\/strong>. Dalla digitalizzazione degli archivi alla creazione di esperienze su misura per i visitatori, la tecnologia \u00e8 stata indicata come una leva strategica per la valorizzazione del territorio.<\/p>\n\n\n\n<h2 class=\"wp-block-heading\">Servono nuove competenze e pi\u00f9 flessibilit\u00e0<\/h2>\n\n\n\n<p>Spazio anche al tema del <strong>lavoro<\/strong>, con un\u2019analisi delle trasformazioni in corso. L\u2019automazione, \u00e8 stato evidenziato, non sostituisce il lavoro umano ma ne modifica profondamente le caratteristiche, rendendo indispensabile l\u2019acquisizione di <strong>nuove competenze<\/strong> e una <strong>maggiore flessibilit\u00e0<\/strong>. In questo contesto, i <strong>giovani<\/strong> emergono come protagonisti della transizione digitale, chiamati a sviluppare capacit\u00e0 trasversali e spirito critico. Il convegno si \u00e8 concluso con una consapevolezza condivisa: l\u2019intelligenza artificiale \u00e8 gi\u00e0 parte integrante della realt\u00e0 e richiede<strong> attenzione, responsabilit\u00e0 e partecipazione attiva<\/strong>. Ugento ha risposto con interesse, dimostrando quanto sia urgente e necessario un confronto aperto su questi temi.<\/p>\n","protected":false},"excerpt":{"rendered":"<p>Un incontro partecipato ha riunito esperti, cittadini e studenti per analizzare le trasformazioni in atto tra innovazione tecnologica, cambiamenti professionali, etica e qualit\u00e0 dei contenuti digitali.<\/p>\n","protected":false},"author":4,"featured_media":0,"comment_status":"closed","ping_status":"closed","sticky":false,"template":"","format":"standard","meta":{"om_disable_all_campaigns":false,"_monsterinsights_skip_tracking":false,"_monsterinsights_sitenote_active":false,"_monsterinsights_sitenote_note":"","_monsterinsights_sitenote_category":0,"footnotes":""},"categories":[745],"tags":[],"class_list":["post-828502","post","type-post","status-publish","format-standard","hentry","category-attualita"],"aioseo_notices":[],"_links":{"self":[{"href":"https:\/\/nugnes.com\/index.php?rest_route=\/wp\/v2\/posts\/828502","targetHints":{"allow":["GET"]}}],"collection":[{"href":"https:\/\/nugnes.com\/index.php?rest_route=\/wp\/v2\/posts"}],"about":[{"href":"https:\/\/nugnes.com\/index.php?rest_route=\/wp\/v2\/types\/post"}],"author":[{"embeddable":true,"href":"https:\/\/nugnes.com\/index.php?rest_route=\/wp\/v2\/users\/4"}],"replies":[{"embeddable":true,"href":"https:\/\/nugnes.com\/index.php?rest_route=%2Fwp%2Fv2%2Fcomments&post=828502"}],"version-history":[{"count":1,"href":"https:\/\/nugnes.com\/index.php?rest_route=\/wp\/v2\/posts\/828502\/revisions"}],"predecessor-version":[{"id":828504,"href":"https:\/\/nugnes.com\/index.php?rest_route=\/wp\/v2\/posts\/828502\/revisions\/828504"}],"wp:attachment":[{"href":"https:\/\/nugnes.com\/index.php?rest_route=%2Fwp%2Fv2%2Fmedia&parent=828502"}],"wp:term":[{"taxonomy":"category","embeddable":true,"href":"https:\/\/nugnes.com\/index.php?rest_route=%2Fwp%2Fv2%2Fcategories&post=828502"},{"taxonomy":"post_tag","embeddable":true,"href":"https:\/\/nugnes.com\/index.php?rest_route=%2Fwp%2Fv2%2Ftags&post=828502"}],"curies":[{"name":"wp","href":"https:\/\/api.w.org\/{rel}","templated":true}]}}