{"id":828509,"date":"2026-04-30T12:09:38","date_gmt":"2026-04-30T12:09:38","guid":{"rendered":"https:\/\/www.lettera43.it\/?p=1299267"},"modified":"2026-04-30T12:09:38","modified_gmt":"2026-04-30T12:09:38","slug":"il-caso-minetti-e-le-ruggini-nella-macchina-del-quirinale-le-pillole-del-giorno","status":"publish","type":"post","link":"https:\/\/nugnes.com\/?p=828509","title":{"rendered":"Il caso Minetti e le ruggini nella macchina del Quirinale: le pillole del giorno"},"content":{"rendered":"\n<p>\u00abL\u2019oracolo \u00e8 tornato\u00bb, hanno sussurrato a <strong>Mediaset<\/strong> vedendo che nella scaletta del programma di Rete 4 <em>Realpolitik<\/em> c\u2019era un collegamento con l\u2019ex presidente della <strong>Rai<\/strong>, e ora eurodeputata del <strong>Partito democratico<\/strong>, <strong>Lucia Annunziata<\/strong>. Ai tempi di Viale Mazzini, la giornalista cresciuta nella redazione de <em>il manifesto<\/em> si era guadagnata tra i corridoi del settimo piano un soprannome curioso sulle sue presunte doti &#8220;divinatorie&#8221;, diciamo cos\u00ec, anche se forse lei non se n&#8217;\u00e8 mai accorta. Fatto sta che il conduttore <strong>Tommaso Labate<\/strong> ha fatto parlare a lungo \u201cdonna Lucia\u201d, sull\u2019universo mondo, permettendole di lanciare un duro affondo sul caso che riguarda <a href=\"https:\/\/www.lettera43.it\/grazia-minetti-fatto-quotidiano-mattarella-verifiche-ministero-nordio-procura-milano\/\"  rel=\"noreferrer noopener\">la <strong>grazia<\/strong> a <strong>Nicole Minetti<\/strong><\/a>. Mentre Labate ripeteva all\u2019infinito le lodi al presidente della Repubblica <strong>Sergio Mattarella<\/strong>, chiamato nel 2022 da tutte le forze politiche, tranne <strong>Fratelli d\u2019Italia<\/strong>, a restare al <strong>Quirinale<\/strong> per un secondo mandato, Annunziata ha scagliato un sasso gigantesco nello stagno di <em>Realpolitik<\/em>. L\u2019eurodeputata ha sostenuto che \u00abla macchina del Quirinale\u00bb dopo tanti anni va \u00ab<strong>ritarata<\/strong>\u00bb, perch\u00e9 c\u2019\u00e8 gente che sta l\u00ec da tanti anni e forse non \u00e8 pi\u00f9 attenta come fino a poco tempo fa. Insomma, c\u2019\u00e8 un senso di stanchezza che andrebbe rimosso, cambiando qualche casella.<\/p>\n\n\n\n<blockquote class=\"twitter-tweet\"><p lang=\"it\" dir=\"ltr\">Caso grazia a <a href=\"https:\/\/twitter.com\/hashtag\/Minetti?src=hash&amp;ref_src=twsrc%5Etfw\">#Minetti<\/a>, Lucia Annunziata: &quot;Forse la macchina del Quirinale si \u00e8 un po&#39; addormentata&#8230;&quot; <a href=\"https:\/\/twitter.com\/hashtag\/Realpolitik?src=hash&amp;ref_src=twsrc%5Etfw\">#Realpolitik<\/a> <a href=\"https:\/\/t.co\/bwxfQBN3q8\">pic.twitter.com\/bwxfQBN3q8<\/a><\/p>&mdash; Realpolitik (@RealPolitikR4) <a href=\"https:\/\/twitter.com\/RealPolitikR4\/status\/2049592901965885686?ref_src=twsrc%5Etfw\">April 29, 2026<\/a><\/blockquote> <script async src=\"https:\/\/platform.twitter.com\/widgets.js\" charset=\"utf-8\"><\/script>\n\n\n\n<p>Un affondo che salva, ovviamente, il capo dello Stato, ma mette nel mirino qualcuno che lavora al fianco di Mattarella. Tanto che nei palazzi della politica, il giorno dopo, le domande si accavallano: \u00abMa Lucia Annunziata ce l\u2019aveva con il potentissimo <strong>Ugo Zampetti<\/strong>, segretario generale della presidenza della Repubblica? O nel suo mirino ci sono altri personaggi che ormai da 11 anni lavorano al Colle nello staff presidenziale?\u00bb. A proposito, vi ricordate <a href=\"https:\/\/www.lettera43.it\/francesco-saverio-garofani-mattarella-complotto-meloni\/\"  rel=\"noreferrer noopener\">il caso <strong>Garofani<\/strong><\/a>, il consigliere ex Pd pizzicato in una <a href=\"https:\/\/www.lettera43.it\/cos-ha-detto-consigliere-quirinale-garofani-piano-contro-meloni\/\"  rel=\"noreferrer noopener\">chiacchierata in cui sembrava tramare contro <strong>Giorgia Meloni<\/strong><\/a>? Anche in quella circostanza <a href=\"https:\/\/www.lettera43.it\/garofani-staff-mattarella-chi-sono-zampetti\/\"  rel=\"noreferrer noopener\">i <strong>fedelissimi<\/strong> di Mattarella finirono nel mirino<\/a> e si parl\u00f2 di teste che rischiavano di rotolare\u2026<\/p>\n\n\n<div class=\"swiper-container\"><div class=\"swiper-wrapper\"><div class=\"swiper-slide\"><figure class=\"wp-block-image size-large\"><a href=\"https:\/\/www.lettera43.it\/galleria\/1299267\/1299333\"><img data-has-syndication-rights=\"1\" data-portal-copyright=\"Lettera43\" data-licensor-name=\"Lettera43\" decoding=\"async\" width=\"1200\" height=\"800\" data-id=\"1299333\" src=\"https:\/\/www.lettera43.it\/wp-content\/uploads\/2026\/04\/Il-caso-Minetti-e-le-ruggini-nella-macchina-del-Quirinale-le-pillole-del-giorno-2.jpg\" alt=\"Il caso Minetti e le ruggini nella macchina del Quirinale: le pillole del giorno\" class=\"wp-image-1299333 lazyload\" title=\"Il caso Minetti e le ruggini nella macchina del Quirinale: le pillole del giorno\" data-src=\"https:\/\/www.lettera43.it\/wp-content\/uploads\/2026\/04\/Il-caso-Minetti-e-le-ruggini-nella-macchina-del-Quirinale-le-pillole-del-giorno-2.jpg\" loading=\"lazy\" data-has-syndication-rights=\"1\" data-licensor-name=\"Lettera43\" srcset=\"https:\/\/www.lettera43.it\/wp-content\/uploads\/2026\/04\/Il-caso-Minetti-e-le-ruggini-nella-macchina-del-Quirinale-le-pillole-del-giorno-2.jpg 1200w, https:\/\/www.lettera43.it\/wp-content\/uploads\/2026\/04\/Il-caso-Minetti-e-le-ruggini-nella-macchina-del-Quirinale-le-pillole-del-giorno-2-800x533.jpg 800w, https:\/\/www.lettera43.it\/wp-content\/uploads\/2026\/04\/Il-caso-Minetti-e-le-ruggini-nella-macchina-del-Quirinale-le-pillole-del-giorno-2-390x260.jpg 390w\" sizes=\"auto, (max-width: 1200px) 100vw, 1200px\" \/><\/a><\/figure><\/div><div class=\"swiper-slide\"><figure class=\"wp-block-image size-large\"><a href=\"https:\/\/www.lettera43.it\/galleria\/1299267\/1257609\"><img data-has-syndication-rights=\"1\" data-portal-copyright=\"Lettera43\" data-licensor-name=\"Lettera43\" decoding=\"async\" width=\"1200\" height=\"800\" data-id=\"1257609\" src=\"https:\/\/www.lettera43.it\/wp-content\/uploads\/2025\/10\/Imagoeconomica_2499765.jpg\" alt=\"Il caso Minetti e le ruggini nella macchina del Quirinale: le pillole del giorno\" class=\"wp-image-1257609 lazyload\" title=\"Il caso Minetti e le ruggini nella macchina del Quirinale: le pillole del giorno\" data-src=\"https:\/\/www.lettera43.it\/wp-content\/uploads\/2025\/10\/Imagoeconomica_2499765.jpg\" loading=\"lazy\" data-has-syndication-rights=\"1\" data-licensor-name=\"Lettera43\" srcset=\"https:\/\/www.lettera43.it\/wp-content\/uploads\/2025\/10\/Imagoeconomica_2499765.jpg 1200w, https:\/\/www.lettera43.it\/wp-content\/uploads\/2025\/10\/Imagoeconomica_2499765-800x533.jpg 800w, https:\/\/www.lettera43.it\/wp-content\/uploads\/2025\/10\/Imagoeconomica_2499765-390x260.jpg 390w\" sizes=\"auto, (max-width: 1200px) 100vw, 1200px\" \/><\/a><\/figure><\/div><div class=\"swiper-slide\"><figure class=\"wp-block-image size-large\"><a href=\"https:\/\/www.lettera43.it\/galleria\/1299267\/1264713\"><img data-has-syndication-rights=\"1\" data-portal-copyright=\"Lettera43\" data-licensor-name=\"Lettera43\" decoding=\"async\" width=\"1200\" height=\"807\" data-id=\"1264713\" src=\"https:\/\/www.lettera43.it\/wp-content\/uploads\/2025\/11\/Garofani-e-gli-altri-fedelissimi-di-Mattarella-le-pillole-del-giorno-4.jpg\" alt=\"Il caso Minetti e le ruggini nella macchina del Quirinale: le pillole del giorno\" class=\"wp-image-1264713 lazyload\" title=\"Il caso Minetti e le ruggini nella macchina del Quirinale: le pillole del giorno\" data-src=\"https:\/\/www.lettera43.it\/wp-content\/uploads\/2025\/11\/Garofani-e-gli-altri-fedelissimi-di-Mattarella-le-pillole-del-giorno-4.jpg\" loading=\"lazy\" data-has-syndication-rights=\"1\" data-licensor-name=\"Lettera43\" srcset=\"https:\/\/www.lettera43.it\/wp-content\/uploads\/2025\/11\/Garofani-e-gli-altri-fedelissimi-di-Mattarella-le-pillole-del-giorno-4.jpg 1200w, https:\/\/www.lettera43.it\/wp-content\/uploads\/2025\/11\/Garofani-e-gli-altri-fedelissimi-di-Mattarella-le-pillole-del-giorno-4-800x538.jpg 800w, https:\/\/www.lettera43.it\/wp-content\/uploads\/2025\/11\/Garofani-e-gli-altri-fedelissimi-di-Mattarella-le-pillole-del-giorno-4-390x262.jpg 390w\" sizes=\"auto, (max-width: 1200px) 100vw, 1200px\" \/><\/a><\/figure><\/div><div class=\"swiper-slide\"><figure class=\"wp-block-image size-large\"><a href=\"https:\/\/www.lettera43.it\/galleria\/1299267\/1264715\"><img data-has-syndication-rights=\"1\" data-portal-copyright=\"Lettera43\" data-licensor-name=\"Lettera43\" decoding=\"async\" width=\"1200\" height=\"780\" data-id=\"1264715\" src=\"https:\/\/www.lettera43.it\/wp-content\/uploads\/2025\/11\/Garofani-e-gli-altri-fedelissimi-di-Mattarella-le-pillole-del-giorno-6.jpg\" alt=\"Il caso Minetti e le ruggini nella macchina del Quirinale: le pillole del giorno\" class=\"wp-image-1264715 lazyload\" title=\"Il caso Minetti e le ruggini nella macchina del Quirinale: le pillole del giorno\" data-src=\"https:\/\/www.lettera43.it\/wp-content\/uploads\/2025\/11\/Garofani-e-gli-altri-fedelissimi-di-Mattarella-le-pillole-del-giorno-6.jpg\" loading=\"lazy\" data-has-syndication-rights=\"1\" data-licensor-name=\"Lettera43\" srcset=\"https:\/\/www.lettera43.it\/wp-content\/uploads\/2025\/11\/Garofani-e-gli-altri-fedelissimi-di-Mattarella-le-pillole-del-giorno-6.jpg 1200w, https:\/\/www.lettera43.it\/wp-content\/uploads\/2025\/11\/Garofani-e-gli-altri-fedelissimi-di-Mattarella-le-pillole-del-giorno-6-800x520.jpg 800w, https:\/\/www.lettera43.it\/wp-content\/uploads\/2025\/11\/Garofani-e-gli-altri-fedelissimi-di-Mattarella-le-pillole-del-giorno-6-390x254.jpg 390w\" sizes=\"auto, (max-width: 1200px) 100vw, 1200px\" \/><\/a><\/figure><\/div><div class=\"swiper-slide\"><figure class=\"wp-block-image size-large\"><a href=\"https:\/\/www.lettera43.it\/galleria\/1299267\/1264569\"><img data-has-syndication-rights=\"1\" data-portal-copyright=\"Lettera43\" data-licensor-name=\"Lettera43\" decoding=\"async\" width=\"1200\" height=\"800\" data-id=\"1264569\" src=\"https:\/\/www.lettera43.it\/wp-content\/uploads\/2025\/11\/Garofani-puo-continuare-a-fare-il-consigliere-di-Mattarella-dopo-limprudenza-su-Meloni-2.jpg\" alt=\"Il caso Minetti e le ruggini nella macchina del Quirinale: le pillole del giorno\" class=\"wp-image-1264569 lazyload\" title=\"Il caso Minetti e le ruggini nella macchina del Quirinale: le pillole del giorno\" data-src=\"https:\/\/www.lettera43.it\/wp-content\/uploads\/2025\/11\/Garofani-puo-continuare-a-fare-il-consigliere-di-Mattarella-dopo-limprudenza-su-Meloni-2.jpg\" loading=\"lazy\" data-has-syndication-rights=\"1\" data-licensor-name=\"Lettera43\" srcset=\"https:\/\/www.lettera43.it\/wp-content\/uploads\/2025\/11\/Garofani-puo-continuare-a-fare-il-consigliere-di-Mattarella-dopo-limprudenza-su-Meloni-2.jpg 1200w, https:\/\/www.lettera43.it\/wp-content\/uploads\/2025\/11\/Garofani-puo-continuare-a-fare-il-consigliere-di-Mattarella-dopo-limprudenza-su-Meloni-2-800x533.jpg 800w, https:\/\/www.lettera43.it\/wp-content\/uploads\/2025\/11\/Garofani-puo-continuare-a-fare-il-consigliere-di-Mattarella-dopo-limprudenza-su-Meloni-2-390x260.jpg 390w\" sizes=\"auto, (max-width: 1200px) 100vw, 1200px\" \/><\/a><\/figure><\/div><div class=\"swiper-slide\"><figure class=\"wp-block-image size-large\"><a href=\"https:\/\/www.lettera43.it\/galleria\/1299267\/1264714\"><img data-has-syndication-rights=\"1\" data-portal-copyright=\"Lettera43\" data-licensor-name=\"Lettera43\" decoding=\"async\" width=\"1200\" height=\"800\" data-id=\"1264714\" src=\"https:\/\/www.lettera43.it\/wp-content\/uploads\/2025\/11\/Garofani-e-gli-altri-fedelissimi-di-Mattarella-le-pillole-del-giorno-5.jpg\" alt=\"Il caso Minetti e le ruggini nella macchina del Quirinale: le pillole del giorno\" class=\"wp-image-1264714 lazyload\" title=\"Il caso Minetti e le ruggini nella macchina del Quirinale: le pillole del giorno\" data-src=\"https:\/\/www.lettera43.it\/wp-content\/uploads\/2025\/11\/Garofani-e-gli-altri-fedelissimi-di-Mattarella-le-pillole-del-giorno-5.jpg\" loading=\"lazy\" data-has-syndication-rights=\"1\" data-licensor-name=\"Lettera43\" srcset=\"https:\/\/www.lettera43.it\/wp-content\/uploads\/2025\/11\/Garofani-e-gli-altri-fedelissimi-di-Mattarella-le-pillole-del-giorno-5.jpg 1200w, https:\/\/www.lettera43.it\/wp-content\/uploads\/2025\/11\/Garofani-e-gli-altri-fedelissimi-di-Mattarella-le-pillole-del-giorno-5-800x533.jpg 800w, https:\/\/www.lettera43.it\/wp-content\/uploads\/2025\/11\/Garofani-e-gli-altri-fedelissimi-di-Mattarella-le-pillole-del-giorno-5-390x260.jpg 390w\" sizes=\"auto, (max-width: 1200px) 100vw, 1200px\" \/><\/a><\/figure><\/div><div class=\"swiper-slide\"><figure class=\"wp-block-image size-large\"><a href=\"https:\/\/www.lettera43.it\/galleria\/1299267\/1264712\"><img data-has-syndication-rights=\"1\" data-portal-copyright=\"Lettera43\" data-licensor-name=\"Lettera43\" decoding=\"async\" width=\"1200\" height=\"800\" data-id=\"1264712\" src=\"https:\/\/www.lettera43.it\/wp-content\/uploads\/2025\/11\/Garofani-e-gli-altri-fedelissimi-di-Mattarella-le-pillole-del-giorno-3.jpg\" alt=\"Il caso Minetti e le ruggini nella macchina del Quirinale: le pillole del giorno\" class=\"wp-image-1264712 lazyload\" title=\"Il caso Minetti e le ruggini nella macchina del Quirinale: le pillole del giorno\" data-src=\"https:\/\/www.lettera43.it\/wp-content\/uploads\/2025\/11\/Garofani-e-gli-altri-fedelissimi-di-Mattarella-le-pillole-del-giorno-3.jpg\" loading=\"lazy\" data-has-syndication-rights=\"1\" data-licensor-name=\"Lettera43\" srcset=\"https:\/\/www.lettera43.it\/wp-content\/uploads\/2025\/11\/Garofani-e-gli-altri-fedelissimi-di-Mattarella-le-pillole-del-giorno-3.jpg 1200w, https:\/\/www.lettera43.it\/wp-content\/uploads\/2025\/11\/Garofani-e-gli-altri-fedelissimi-di-Mattarella-le-pillole-del-giorno-3-800x533.jpg 800w, https:\/\/www.lettera43.it\/wp-content\/uploads\/2025\/11\/Garofani-e-gli-altri-fedelissimi-di-Mattarella-le-pillole-del-giorno-3-390x260.jpg 390w\" sizes=\"auto, (max-width: 1200px) 100vw, 1200px\" \/><\/a><\/figure><\/div><div class=\"swiper-slide\"><figure class=\"wp-block-image size-large\"><a href=\"https:\/\/www.lettera43.it\/galleria\/1299267\/1264711\"><img data-has-syndication-rights=\"1\" data-portal-copyright=\"Lettera43\" data-licensor-name=\"Lettera43\" decoding=\"async\" width=\"1200\" height=\"802\" data-id=\"1264711\" src=\"https:\/\/www.lettera43.it\/wp-content\/uploads\/2025\/11\/Garofani-e-gli-altri-fedelissimi-di-Mattarella-le-pillole-del-giorno-2.jpg\" alt=\"Il caso Minetti e le ruggini nella macchina del Quirinale: le pillole del giorno\" class=\"wp-image-1264711 lazyload\" title=\"Il caso Minetti e le ruggini nella macchina del Quirinale: le pillole del giorno\" data-src=\"https:\/\/www.lettera43.it\/wp-content\/uploads\/2025\/11\/Garofani-e-gli-altri-fedelissimi-di-Mattarella-le-pillole-del-giorno-2.jpg\" loading=\"lazy\" data-has-syndication-rights=\"1\" data-licensor-name=\"Lettera43\" srcset=\"https:\/\/www.lettera43.it\/wp-content\/uploads\/2025\/11\/Garofani-e-gli-altri-fedelissimi-di-Mattarella-le-pillole-del-giorno-2.jpg 1200w, https:\/\/www.lettera43.it\/wp-content\/uploads\/2025\/11\/Garofani-e-gli-altri-fedelissimi-di-Mattarella-le-pillole-del-giorno-2-800x535.jpg 800w, https:\/\/www.lettera43.it\/wp-content\/uploads\/2025\/11\/Garofani-e-gli-altri-fedelissimi-di-Mattarella-le-pillole-del-giorno-2-390x261.jpg 390w\" sizes=\"auto, (max-width: 1200px) 100vw, 1200px\" \/><\/a><\/figure><\/div><div class=\"swiper-slide\"><figure class=\"wp-block-image size-large\"><a href=\"https:\/\/www.lettera43.it\/galleria\/1299267\/1264710\"><img data-has-syndication-rights=\"1\" data-portal-copyright=\"Lettera43\" data-licensor-name=\"Lettera43\" decoding=\"async\" width=\"1200\" height=\"800\" data-id=\"1264710\" src=\"https:\/\/www.lettera43.it\/wp-content\/uploads\/2025\/11\/Garofani-e-gli-altri-fedelissimi-di-Mattarella-le-pillole-del-giorno-1-1.jpg\" alt=\"Il caso Minetti e le ruggini nella macchina del Quirinale: le pillole del giorno\" class=\"wp-image-1264710 lazyload\" title=\"Il caso Minetti e le ruggini nella macchina del Quirinale: le pillole del giorno\" data-src=\"https:\/\/www.lettera43.it\/wp-content\/uploads\/2025\/11\/Garofani-e-gli-altri-fedelissimi-di-Mattarella-le-pillole-del-giorno-1-1.jpg\" loading=\"lazy\" data-has-syndication-rights=\"1\" data-licensor-name=\"Lettera43\" srcset=\"https:\/\/www.lettera43.it\/wp-content\/uploads\/2025\/11\/Garofani-e-gli-altri-fedelissimi-di-Mattarella-le-pillole-del-giorno-1-1.jpg 1200w, https:\/\/www.lettera43.it\/wp-content\/uploads\/2025\/11\/Garofani-e-gli-altri-fedelissimi-di-Mattarella-le-pillole-del-giorno-1-1-800x533.jpg 800w, https:\/\/www.lettera43.it\/wp-content\/uploads\/2025\/11\/Garofani-e-gli-altri-fedelissimi-di-Mattarella-le-pillole-del-giorno-1-1-390x260.jpg 390w\" sizes=\"auto, (max-width: 1200px) 100vw, 1200px\" \/><\/a><\/figure><div class=\"swiper-lazy-preloader\"><\/div><\/div><\/div><div class=\"swiper-pagination\"><\/div><div class=\"swiper-button-next\"><\/div><div class=\"swiper-button-prev\"><\/div><\/div>\n\n\n<h2 class=\"wp-block-heading\">Mattarella alla Piaggio prova a dimenticare le polemiche<\/h2>\n\n\n\n<p>Anticipando la <strong>festa dei lavoratori<\/strong> in programma il primo maggio, il presidente della Repubblica <strong>Sergio Mattarella<\/strong> ha in agenda, gioved\u00ec 30 aprile, una visita a <strong>Pontedera<\/strong>, allo stabilimento della <strong>Piaggio<\/strong>. In particolare, il viaggio riguarda il reparto principale dedicato all\u2019assemblaggio finale degli <strong>scooter<\/strong>, quella <strong>Vespa<\/strong> che nel 2026 compie 80 anni. E la <strong>catena di montaggio<\/strong> \u00e8 un reparto con un \u00abalto coinvolgimento della <strong>manodopera<\/strong>\u00bb, sottolineano dall\u2019azienda, in stretto collegamento con i reparti verniciatura e assemblaggio. In programma c&#8217;\u00e8 anche la visita al <strong>Museo Piaggio<\/strong>, il pi\u00f9 grande a tema motociclistico d\u2019Italia: nell\u2019auditorium avr\u00e0 inizio la cerimonia, con il presidente dell\u2019Unione Industriale Pisana, <strong>Andrea Madonna<\/strong>, e poi il \u201cpadrone di casa\u201d <strong>Matteo Colaninno<\/strong>, presidente esecutivo di Piaggio, assieme a <strong>Pamela Vanni<\/strong> in rappresentanza dei lavoratori Piaggio, e a <strong>Marina Elvira Calderone<\/strong>, ministra del Lavoro e delle Politiche sociali. Poi l\u2019intervento del capo dello Stato.<\/p>\n\n\n<figure class=\"wp-block-image size-full\"><a href=\"https:\/\/www.lettera43.it\/galleria\/1299267\/1299332\"><img data-has-syndication-rights=\"1\" data-portal-copyright=\"Lettera43\" data-licensor-name=\"Lettera43\" decoding=\"async\" width=\"1200\" height=\"806\" src=\"https:\/\/www.lettera43.it\/wp-content\/uploads\/2026\/04\/Il-caso-Minetti-e-le-ruggini-nella-macchina-del-Quirinale-le-pillole-del-giorno-1.jpg\" alt=\"Il caso Minetti e le ruggini nella macchina del Quirinale: le pillole del giorno\" class=\"wp-image-1299332 lazyload\" title=\"Il caso Minetti e le ruggini nella macchina del Quirinale: le pillole del giorno\" data-src=\"https:\/\/www.lettera43.it\/wp-content\/uploads\/2026\/04\/Il-caso-Minetti-e-le-ruggini-nella-macchina-del-Quirinale-le-pillole-del-giorno-1.jpg\" loading=\"lazy\" data-has-syndication-rights=\"1\" data-licensor-name=\"Lettera43\" srcset=\"https:\/\/www.lettera43.it\/wp-content\/uploads\/2026\/04\/Il-caso-Minetti-e-le-ruggini-nella-macchina-del-Quirinale-le-pillole-del-giorno-1.jpg 1200w, https:\/\/www.lettera43.it\/wp-content\/uploads\/2026\/04\/Il-caso-Minetti-e-le-ruggini-nella-macchina-del-Quirinale-le-pillole-del-giorno-1-800x537.jpg 800w, https:\/\/www.lettera43.it\/wp-content\/uploads\/2026\/04\/Il-caso-Minetti-e-le-ruggini-nella-macchina-del-Quirinale-le-pillole-del-giorno-1-390x262.jpg 390w\" sizes=\"auto, (max-width: 1200px) 100vw, 1200px\" \/><\/a><figcaption class=\"wp-element-caption\">Il presidente Sergio Mattarella saluta le operaie e gli operai della Piaggio, a Pontedera.<\/figcaption><\/figure>\n\n\n<h2 class=\"wp-block-heading\">Donnet a Roma parler\u00e0 del risiko bancario?<\/h2>\n\n\n\n<p>Al <strong>Senato<\/strong> il 30 aprile \u00e8 atteso un personaggio centrale nel mondo dell\u2019economia e della <strong>finanza<\/strong>: la commissione parlamentare di inchiesta sul sistema bancario, finanziario e assicurativo ha in programma l\u2019audizione di <a href=\"https:\/\/www.lettera43.it\/generali-philippe-donnet-miglior-ceo-settore-assicurativo-classifica-extel\/\"  rel=\"noreferrer noopener\"><strong>Philippe Donnet<\/strong>, amministratore delegato di <strong>Assicurazioni Generali<\/strong><\/a>. A Palazzo Madama la curiosit\u00e0 \u00e8 notevole, anche perch\u00e9 si attendono domande sulla <a href=\"https:\/\/www.lettera43.it\/mps-lovaglio-delfin-milleri-del-vecchio-caltagirone-mediobanca-bpm-governo-palermo\/\"  rel=\"noreferrer noopener\">scalata bancaria, fallita, di <strong>Francesco Gaetano Caltagirone<\/strong><\/a>: per ora \u00e8 prevista la registrazione integrale della seduta, a meno che qualche componente non si metta a chiedere di \u201csecretare\u201d certi momenti dell\u2019audizione, per non rendere pubbliche informazioni che possono terremotare il mercato borsistico&#8230;<\/p>\n\n\n<figure class=\"wp-block-image size-large\"><a href=\"https:\/\/www.lettera43.it\/galleria\/1299267\/1221464\"><img data-has-syndication-rights=\"1\" data-portal-copyright=\"Lettera43\" data-licensor-name=\"Lettera43\" decoding=\"async\" width=\"1024\" height=\"683\" src=\"https:\/\/www.lettera43.it\/wp-content\/uploads\/2025\/06\/Generali-Philippe-Donnet-miglior-ceo-del-settore-assicurativo-nella-classifica-Extel-1024x683.jpg\" alt=\"Il caso Minetti e le ruggini nella macchina del Quirinale: le pillole del giorno\" class=\"wp-image-1221464 lazyload\" title=\"Il caso Minetti e le ruggini nella macchina del Quirinale: le pillole del giorno\" data-src=\"https:\/\/www.lettera43.it\/wp-content\/uploads\/2025\/06\/Generali-Philippe-Donnet-miglior-ceo-del-settore-assicurativo-nella-classifica-Extel-1024x683.jpg\" loading=\"lazy\" data-has-syndication-rights=\"1\" data-licensor-name=\"Lettera43\" srcset=\"https:\/\/www.lettera43.it\/wp-content\/uploads\/2025\/06\/Generali-Philippe-Donnet-miglior-ceo-del-settore-assicurativo-nella-classifica-Extel-1024x683.jpg 1024w, https:\/\/www.lettera43.it\/wp-content\/uploads\/2025\/06\/Generali-Philippe-Donnet-miglior-ceo-del-settore-assicurativo-nella-classifica-Extel-800x533.jpg 800w, https:\/\/www.lettera43.it\/wp-content\/uploads\/2025\/06\/Generali-Philippe-Donnet-miglior-ceo-del-settore-assicurativo-nella-classifica-Extel-768x512.jpg 768w, https:\/\/www.lettera43.it\/wp-content\/uploads\/2025\/06\/Generali-Philippe-Donnet-miglior-ceo-del-settore-assicurativo-nella-classifica-Extel-scaled.jpg 1200w\" sizes=\"auto, (max-width: 1024px) 100vw, 1024px\" \/><\/a><figcaption class=\"wp-element-caption\">Philippe Donnet (Imagoeconomica).<\/figcaption><\/figure>","protected":false},"excerpt":{"rendered":"<p>Il pasticcio della grazia ha fatto tornare nel mirino lo staff presidenziale che lavora da 11 anni con Mattarella. E anche Lucia Annunziata in tiv\u00f9 ha lanciato un affondo contro il Colle. Ma con chi ce l&#8217;aveva in particolare? Gli spifferi di L43.<\/p>\n","protected":false},"author":4,"featured_media":0,"comment_status":"closed","ping_status":"closed","sticky":false,"template":"","format":"standard","meta":{"om_disable_all_campaigns":false,"_monsterinsights_skip_tracking":false,"_monsterinsights_sitenote_active":false,"_monsterinsights_sitenote_note":"","_monsterinsights_sitenote_category":0,"footnotes":""},"categories":[417,15],"tags":[],"class_list":["post-828509","post","type-post","status-publish","format-standard","hentry","category-corridoi","category-politica"],"aioseo_notices":[],"_links":{"self":[{"href":"https:\/\/nugnes.com\/index.php?rest_route=\/wp\/v2\/posts\/828509","targetHints":{"allow":["GET"]}}],"collection":[{"href":"https:\/\/nugnes.com\/index.php?rest_route=\/wp\/v2\/posts"}],"about":[{"href":"https:\/\/nugnes.com\/index.php?rest_route=\/wp\/v2\/types\/post"}],"author":[{"embeddable":true,"href":"https:\/\/nugnes.com\/index.php?rest_route=\/wp\/v2\/users\/4"}],"replies":[{"embeddable":true,"href":"https:\/\/nugnes.com\/index.php?rest_route=%2Fwp%2Fv2%2Fcomments&post=828509"}],"version-history":[{"count":1,"href":"https:\/\/nugnes.com\/index.php?rest_route=\/wp\/v2\/posts\/828509\/revisions"}],"predecessor-version":[{"id":828510,"href":"https:\/\/nugnes.com\/index.php?rest_route=\/wp\/v2\/posts\/828509\/revisions\/828510"}],"wp:attachment":[{"href":"https:\/\/nugnes.com\/index.php?rest_route=%2Fwp%2Fv2%2Fmedia&parent=828509"}],"wp:term":[{"taxonomy":"category","embeddable":true,"href":"https:\/\/nugnes.com\/index.php?rest_route=%2Fwp%2Fv2%2Fcategories&post=828509"},{"taxonomy":"post_tag","embeddable":true,"href":"https:\/\/nugnes.com\/index.php?rest_route=%2Fwp%2Fv2%2Ftags&post=828509"}],"curies":[{"name":"wp","href":"https:\/\/api.w.org\/{rel}","templated":true}]}}