{"id":828533,"date":"2026-05-01T12:01:00","date_gmt":"2026-05-01T12:01:00","guid":{"rendered":"https:\/\/www.lettera43.it\/?p=1299369"},"modified":"2026-05-01T12:01:00","modified_gmt":"2026-05-01T12:01:00","slug":"perche-un-ritiro-usa-puo-diventare-unoccasione-storica-per-leuropa","status":"publish","type":"post","link":"https:\/\/nugnes.com\/?p=828533","title":{"rendered":"Perch\u00e9 un ritiro Usa pu\u00f2 diventare un\u2019occasione storica per l\u2019Europa"},"content":{"rendered":"\n<p>\u00ab<strong>Yankee go home\u00bb.<\/strong> La guerra del Vietnam, il golpe in Cile e poi la crisi dei missili nucleari a Comiso (1981-1983) sono stati momenti in cui quell\u2019invito \u00e8 stato urlato con pi\u00f9 forza nelle strade e nelle piazze d\u2019Italia. Era uno <strong>slogan velleitario<\/strong>, che esprimeva un desiderio impossibile. Perch\u00e9 la presenza delle <strong>basi militari statunitensi<\/strong>, soprattutto in<strong> Germania<\/strong> e in <strong>Italia<\/strong>, i due Paesi che avevano perso la guerra, era anche il presidio economico che garantiva la libera e massiccia circolazione delle merci Usa in Europa. Il &#8220;<strong>sogno americano<\/strong>&#8221; che era l\u2019anima della nascente <strong>societ\u00e0 dei consumi<\/strong> aveva il volto sorridente del cinema di Hollywood e della pubblicit\u00e0 della Coca Cola. Ma alla bisogna sapeva di potere contare sul potere molto convincente delle armi. E su quello sottostante, ma non meno persuasivo, dei servizi segreti (CIA) che spesso hanno condizionato e interferito nella vita politica italiana.<\/p>\n\n\n<figure class=\"wp-block-image size-full\"><a href=\"https:\/\/www.lettera43.it\/galleria\/1299369\/1294464\"><img data-has-syndication-rights=\"1\" data-portal-copyright=\"Lettera43\" data-licensor-name=\"Lettera43\" decoding=\"async\" width=\"1200\" height=\"800\" src=\"https:\/\/www.lettera43.it\/wp-content\/uploads\/2026\/03\/SIGONELLA.jpg\" alt=\"Perch\u00e9 un ritiro Usa pu\u00f2 diventare un\u2019occasione storica per l\u2019Europa\" class=\"wp-image-1294464 lazyload\" title=\"Perch\u00e9 un ritiro Usa pu\u00f2 diventare un\u2019occasione storica per l\u2019Europa\" data-src=\"https:\/\/www.lettera43.it\/wp-content\/uploads\/2026\/03\/SIGONELLA.jpg\" loading=\"lazy\" data-has-syndication-rights=\"1\" data-licensor-name=\"Lettera43\" srcset=\"https:\/\/www.lettera43.it\/wp-content\/uploads\/2026\/03\/SIGONELLA.jpg 1200w, https:\/\/www.lettera43.it\/wp-content\/uploads\/2026\/03\/SIGONELLA-800x533.jpg 800w, https:\/\/www.lettera43.it\/wp-content\/uploads\/2026\/03\/SIGONELLA-390x260.jpg 390w\" sizes=\"auto, (max-width: 1200px) 100vw, 1200px\" \/><\/a><figcaption class=\"wp-element-caption\">La base di Sigonella (Archivio Ansa).<\/figcaption><\/figure>\n\n\n<h2 class=\"wp-block-heading\">La minaccia trumpiana forse \u00e8 un&#8217;occasione storica<\/h2>\n\n\n\n<p>Da decenni non si sente pi\u00f9 urlare \u00abYankee go home\u00bb, ma la novit\u00e0 \u00e8 che ora sono loro, gli yankee, che minacciano di tornarsene a casa. Dopo che <strong>Donald Trump <\/strong>ha minacciato di uscire dalla <strong>Nato<\/strong>, \u00e8 stato il Segretario alla Guerra, <strong>Pete Hegseth<\/strong>, che ha invitato i Paesi europei a spendere di pi\u00f9 in armamenti. Perch\u00e9 in caso contrario gli Usa ridimensioneranno o addirittura chiuderanno le basi in Europa.&nbsp; <\/p>\n\n\n<figure class=\"wp-block-image size-full\"><a href=\"https:\/\/www.lettera43.it\/galleria\/1299369\/1295092\"><img data-has-syndication-rights=\"1\" data-portal-copyright=\"Lettera43\" data-licensor-name=\"Lettera43\" decoding=\"async\" width=\"900\" height=\"600\" src=\"https:\/\/www.lettera43.it\/wp-content\/uploads\/2026\/04\/Imagoeconomica_2683991.jpg\" alt=\"Perch\u00e9 un ritiro Usa pu\u00f2 diventare un\u2019occasione storica per l\u2019Europa\" class=\"wp-image-1295092 lazyload\" title=\"Perch\u00e9 un ritiro Usa pu\u00f2 diventare un\u2019occasione storica per l\u2019Europa\" data-src=\"https:\/\/www.lettera43.it\/wp-content\/uploads\/2026\/04\/Imagoeconomica_2683991.jpg\" loading=\"lazy\" data-has-syndication-rights=\"1\" data-licensor-name=\"Lettera43\" srcset=\"https:\/\/www.lettera43.it\/wp-content\/uploads\/2026\/04\/Imagoeconomica_2683991.jpg 900w, https:\/\/www.lettera43.it\/wp-content\/uploads\/2026\/04\/Imagoeconomica_2683991-800x533.jpg 800w, https:\/\/www.lettera43.it\/wp-content\/uploads\/2026\/04\/Imagoeconomica_2683991-390x260.jpg 390w\" sizes=\"auto, (max-width: 900px) 100vw, 900px\" \/><\/a><figcaption class=\"wp-element-caption\">Pete Hegseth e Donald Trump (Imagoeconomica).<\/figcaption><\/figure>\n\n\n<p>Ora, detto che non \u00e8 semplice per gli Stati Uniti sfilarsi dall&#8217;Alleanza Atlantica e che Hegseth \u00e8 lo stesso che ha definito \u00abla guerra un dono per il mondo\u00bb e che <a href=\"https:\/\/www.lettera43.it\/hegseth-gaffe-pulp-fiction-bibbia-ezechiele-versetto-video\/\"  rel=\"noreferrer noopener\">ha confuso la Bibbia con <em>Pulp fiction<\/em><\/a>, penso che dovremmo seriamente chiederci se non sia un\u2019occasione storica accettare il ritiro statunitense. Detta cos\u00ec pu\u00f2 sembrare, e in parte \u00e8, una provocazione. Come la canzone dei 99 Posse, <em>Yankee go home<\/em>, che peraltro, con la guerra Usa-Iran in corso risulta assai intonata. <\/p>\n\n\n\n<figure class=\"wp-block-embed is-type-video is-provider-youtube wp-block-embed-youtube wp-embed-aspect-4-3 wp-has-aspect-ratio\"><div class=\"wp-block-embed__wrapper\">\n<iframe title=\"Yankee Go Home\" width=\"500\" height=\"375\" src=\"https:\/\/www.youtube.com\/embed\/dUfkkL5LhUE?start=3&#038;feature=oembed\" frameborder=\"0\" allow=\"accelerometer; autoplay; clipboard-write; encrypted-media; gyroscope; picture-in-picture; web-share\" referrerpolicy=\"strict-origin-when-cross-origin\" allowfullscreen><\/iframe>\n<\/div><\/figure>\n\n\n\n<h2 class=\"wp-block-heading\">Senza protettori Usa, l&#8217;Europa sarebbe costretta a reagire<\/h2>\n\n\n\n<p>Per un passo del genere servirebbero infatti<strong> statisti<\/strong> e <strong>grandi europeisti<\/strong> come Kohl e Mitterrand, dei quali al momento non c\u2019\u00e8 traccia. Per\u00f2 l\u2019abbandono dei protettori americani costringerebbe a colmare rapidamente quel vuoto. A superare i <strong>personalismi<\/strong> e i <strong>nazionalismi<\/strong> che oggi frenano la costruzione di una <strong>difesa europea<\/strong>. Impedita da un\u2019<strong>industria militare frammentata<\/strong>, con duplicazione di capacit\u00e0 produttive e mancanza di standard comuni. Ma pesano anche di pi\u00f9 le differenze strategiche e geopolitiche.&nbsp;<\/p>\n\n\n<figure class=\"wp-block-image size-full\"><a href=\"https:\/\/www.lettera43.it\/galleria\/1299369\/1299411\"><img data-has-syndication-rights=\"1\" data-portal-copyright=\"Lettera43\" data-licensor-name=\"Lettera43\" decoding=\"async\" width=\"750\" height=\"496\" src=\"https:\/\/www.lettera43.it\/wp-content\/uploads\/2026\/04\/Perche-un-ritiro-Usa-dalla-Nato-puo-diventare-unoccasione-storica-per-lEuropa.jpg\" alt=\"Perch\u00e9 un ritiro Usa pu\u00f2 diventare un\u2019occasione storica per l\u2019Europa\" class=\"wp-image-1299411 lazyload\" title=\"Perch\u00e9 un ritiro Usa pu\u00f2 diventare un\u2019occasione storica per l\u2019Europa\" data-src=\"https:\/\/www.lettera43.it\/wp-content\/uploads\/2026\/04\/Perche-un-ritiro-Usa-dalla-Nato-puo-diventare-unoccasione-storica-per-lEuropa.jpg\" loading=\"lazy\" data-has-syndication-rights=\"1\" data-licensor-name=\"Lettera43\" srcset=\"https:\/\/www.lettera43.it\/wp-content\/uploads\/2026\/04\/Perche-un-ritiro-Usa-dalla-Nato-puo-diventare-unoccasione-storica-per-lEuropa.jpg 750w, https:\/\/www.lettera43.it\/wp-content\/uploads\/2026\/04\/Perche-un-ritiro-Usa-dalla-Nato-puo-diventare-unoccasione-storica-per-lEuropa-390x258.jpg 390w\" sizes=\"auto, (max-width: 750px) 100vw, 750px\" \/><\/a><figcaption class=\"wp-element-caption\">Nel 1984, il Cancelliere tedesco Helmut Kohl e il Presidente francese Fran\u00e7ois Mitterrand alla commemorazione della battaglia di Verdun (Ansa).<\/figcaption><\/figure>\n\n\n<h2 class=\"wp-block-heading\">Mosca e Putin sono una minaccia reale?<\/h2>\n\n\n\n<p>Le questioni fondamentali, senza addentrarci in ambiti specialistici, si riassumono nei pensieri e nelle visioni che ispirano e contrappongono &#8211; per semplificare al massimo &#8211;&nbsp;<strong>filo-putiniani <\/strong>e<strong> anti-putiniani<\/strong>. Detto altrimenti: se senza protezione americana la Russia si mangerebbe l\u2019Europa in un boccone o, al contrario, tornerebbe a essere un partner commerciale conveniente e affidabile. Ancorch\u00e9 da blandire, soprattutto per il possesso di un formidabile <strong>arsenale nucleare<\/strong>. In entrambi i casi l\u2019immagine dei cosacchi che si abbeverano in piazza San Pietro a Roma deve fare i conti con la realt\u00e0 di un esercito che non pare proprio cos\u00ec potente come \u00e8 stato raccontato e come Putin lo accredita. Visto che un&#8217;operazione speciale che doveva durare una settimana \u00e8 in corso da quattro anni e che l\u2019esercito russo non d\u00e0 proprio l\u2019idea di essere un\u2019invincibile armata smaniosa di invadere la grande pianura europea. Certo la Russia ha cento volte e pi\u00f9 le bombe atomiche che potrebbero distruggere il mondo. Per\u00f2, come \u00e8 noto, ne bastano poche per mettere in moto un meccanismo di risposte a un attacco iniziale che otterrebbe velocemente quel risultato. Quindi se la Russia ha 5.500 bombe, <strong>Francia <\/strong>e <strong>Regno Unito<\/strong> assieme ne hanno pi\u00f9 di 500 (300+220)&nbsp;e in una difesa europea coordinata e operativa sarebbero pi\u00f9 che sufficienti per scoraggiare aggressioni militari nucleari russe e non. <\/p>\n\n\n<figure class=\"wp-block-image size-full\"><a href=\"https:\/\/www.lettera43.it\/galleria\/1299369\/1298103\"><img data-has-syndication-rights=\"1\" data-portal-copyright=\"Lettera43\" data-licensor-name=\"Lettera43\" decoding=\"async\" width=\"1200\" height=\"800\" src=\"https:\/\/www.lettera43.it\/wp-content\/uploads\/2026\/04\/tagfin_20260423104005533_944a3527c4ea96757c316d138863cf7f.jpg\" alt=\"Perch\u00e9 un ritiro Usa pu\u00f2 diventare un\u2019occasione storica per l\u2019Europa\" class=\"wp-image-1298103 lazyload\" title=\"Perch\u00e9 un ritiro Usa pu\u00f2 diventare un\u2019occasione storica per l\u2019Europa\" data-src=\"https:\/\/www.lettera43.it\/wp-content\/uploads\/2026\/04\/tagfin_20260423104005533_944a3527c4ea96757c316d138863cf7f.jpg\" loading=\"lazy\" data-has-syndication-rights=\"1\" data-licensor-name=\"Lettera43\" srcset=\"https:\/\/www.lettera43.it\/wp-content\/uploads\/2026\/04\/tagfin_20260423104005533_944a3527c4ea96757c316d138863cf7f.jpg 1200w, https:\/\/www.lettera43.it\/wp-content\/uploads\/2026\/04\/tagfin_20260423104005533_944a3527c4ea96757c316d138863cf7f-800x533.jpg 800w, https:\/\/www.lettera43.it\/wp-content\/uploads\/2026\/04\/tagfin_20260423104005533_944a3527c4ea96757c316d138863cf7f-390x260.jpg 390w\" sizes=\"auto, (max-width: 1200px) 100vw, 1200px\" \/><\/a><figcaption class=\"wp-element-caption\">Vladimir Putin (Ansa).<\/figcaption><\/figure>\n\n\n<h2 class=\"wp-block-heading\">La spesa europea in armamenti ha superato quella russa<\/h2>\n\n\n\n<p>C\u2019\u00e8 poi da considerare l\u2019<strong>aspetto economico<\/strong>, al netto delle polemiche furiose fra bellicisti e pacifisti. Che la spesa europea sia attualmente frammentata, disordinata dunque inefficace \u00e8 un dato di fatto. Ma \u00e8 altres\u00ec vero, secondo l\u2019<a href=\"https:\/\/osservatoriocpi.unicatt.it\/ocpi-pubblicazioni-facciamo-chiarezza-nel-2024-la-spesa-militare-europea-eccedeva-quella-russa-del-58\">Osservatorio dell\u2019Universit\u00e0 Cattolica<\/a>, che nel 2024, la spesa militare europea ha raggiunto livelli record, superando quella russa. I Paesi europei (NATO inclusi) hanno speso circa 730 miliardi di dollari, una cifra superiore del 58 per cento rispetto ai circa 462 miliardi della Russia. \u00abL\u2019ampio divario tra spesa russa ed europea nel 2024 suggerisce cautela nel concludere che sia necessario un forte aumento della spesa militare in Europa, tranne che nei Paesi ancora al di sotto del 2 per cento del Pil\u00bb.<\/p>\n\n\n<figure class=\"wp-block-image size-full\"><a href=\"https:\/\/www.lettera43.it\/galleria\/1299369\/1295289\"><img data-has-syndication-rights=\"1\" data-portal-copyright=\"Lettera43\" data-licensor-name=\"Lettera43\" decoding=\"async\" width=\"1200\" height=\"800\" src=\"https:\/\/www.lettera43.it\/wp-content\/uploads\/2026\/04\/rutte.jpg\" alt=\"Perch\u00e9 un ritiro Usa pu\u00f2 diventare un\u2019occasione storica per l\u2019Europa\" class=\"wp-image-1295289 lazyload\" title=\"Perch\u00e9 un ritiro Usa pu\u00f2 diventare un\u2019occasione storica per l\u2019Europa\" data-src=\"https:\/\/www.lettera43.it\/wp-content\/uploads\/2026\/04\/rutte.jpg\" loading=\"lazy\" data-has-syndication-rights=\"1\" data-licensor-name=\"Lettera43\" srcset=\"https:\/\/www.lettera43.it\/wp-content\/uploads\/2026\/04\/rutte.jpg 1200w, https:\/\/www.lettera43.it\/wp-content\/uploads\/2026\/04\/rutte-800x533.jpg 800w, https:\/\/www.lettera43.it\/wp-content\/uploads\/2026\/04\/rutte-390x260.jpg 390w\" sizes=\"auto, (max-width: 1200px) 100vw, 1200px\" \/><\/a><figcaption class=\"wp-element-caption\">Mark Rutte e Donald Trump (Ansa).<\/figcaption><\/figure>\n\n\n<h2 class=\"wp-block-heading\">Pi\u00f9 armi significa meno welfare<\/h2>\n\n\n\n<p>Se per\u00f2 si considera che Trump e Hegseth chiedono che la spesa militare dei Paesi europei sia portata al 5 per cento, ecco che la rinuncia o la chiusura delle basi e della protezione Usa sarebbe <strong>economicamente conveniente<\/strong>, oltre che socialmente augurabile. Tre punti percentuali di aumento della spesa militare per la popolazione europea e italiana significano<strong> tagli sostanziosi al welfare<\/strong>. Considerato che ha valore quasi scientifico la correlazione inversa tra spesa militare e spesa sanitaria. Quando aumenta l\u2019una cala l\u2019altra: \u00e8 sempre accaduto cos\u00ec. E se si considera che nel 2025 \u00e8 stato stabilito il nuovo record mondiale di spesa in armamenti &#8211; 2.887 miliardi di dollari complessivi, con un aumento del 2,9 per cento rispetto al 2024 &#8211; auguri a tutti noi, che gi\u00e0 lamentiamo tagli allo stato sociale e riduzione dei servizi assistenziali.<\/p>\n\n\n<figure class=\"wp-block-image size-full\"><a href=\"https:\/\/www.lettera43.it\/galleria\/1299369\/1289656\"><img data-has-syndication-rights=\"1\" data-portal-copyright=\"Lettera43\" data-licensor-name=\"Lettera43\" decoding=\"async\" width=\"1200\" height=\"800\" src=\"https:\/\/www.lettera43.it\/wp-content\/uploads\/2026\/03\/tagfin_20260304163406951_ff029e7fe5cd82489b56bffc75291194.jpg\" alt=\"Perch\u00e9 un ritiro Usa pu\u00f2 diventare un\u2019occasione storica per l\u2019Europa\" class=\"wp-image-1289656 lazyload\" title=\"Perch\u00e9 un ritiro Usa pu\u00f2 diventare un\u2019occasione storica per l\u2019Europa\" data-src=\"https:\/\/www.lettera43.it\/wp-content\/uploads\/2026\/03\/tagfin_20260304163406951_ff029e7fe5cd82489b56bffc75291194.jpg\" loading=\"lazy\" data-has-syndication-rights=\"1\" data-licensor-name=\"Lettera43\" srcset=\"https:\/\/www.lettera43.it\/wp-content\/uploads\/2026\/03\/tagfin_20260304163406951_ff029e7fe5cd82489b56bffc75291194.jpg 1200w, https:\/\/www.lettera43.it\/wp-content\/uploads\/2026\/03\/tagfin_20260304163406951_ff029e7fe5cd82489b56bffc75291194-800x533.jpg 800w, https:\/\/www.lettera43.it\/wp-content\/uploads\/2026\/03\/tagfin_20260304163406951_ff029e7fe5cd82489b56bffc75291194-390x260.jpg 390w\" sizes=\"auto, (max-width: 1200px) 100vw, 1200px\" \/><\/a><figcaption class=\"wp-element-caption\">Pete Hegseth (Ansa).<\/figcaption><\/figure>\n\n\n<h2 class=\"wp-block-heading\">In un colpo solo potremmo liberarci anche della tutela delle Big Tech<\/h2>\n\n\n\n<p>Ma rispolverare e accogliere in modo pacifico e consensuale l\u2019opportunit\u00e0 di un ritiro americano dall\u2019Europa non ha solo motivazioni economiche. Il valore e l\u2019importanza del ruolo americano nella <strong>sconfitta del nazismo e del fascismo<\/strong> restano come pietre miliari di un atlantismo che ha generato<strong> libert\u00e0 e democrazia<\/strong>. Ma quel debito e la riconoscenza per il piano Marshall lo abbiamo pagato e lo stiamo pagando abbondantemente. Con il quasi monopolio concesso ai servizi finanziari e tecnologici statunitensi. In questa luce \u00abyankee go home\u00bb offre anche l\u2019occasione, come scrive <em>The Guardian,<\/em> per provare a sottrarsi alla tutela di Microsoft, Google, Meta, Amazon, Apple e trovare nuove strade pi\u00f9 etiche e rispettose dell\u2019autonomia e dell\u2019identit\u00e0 dei cittadini europei. Certo costruire alternative efficienti \u00e8 una bella impresa. Per\u00f2&nbsp;\u00abfare switch \u00e8 pi\u00f9 facile di quanto possiamo pensare\u00bb, ricorda sempre il <em>Guardian,<\/em> indicando modi e strumenti con i quali si pu\u00f2 cominciare a farlo. Con gentilezza e riconoscenza: cari yankee potete portare a casa o altrove armi e bagagli, perch\u00e9 noi ce la possiamo fare da soli. \u00c8 un sogno?<\/p>\n","protected":false},"excerpt":{"rendered":"<p>Meno spesa militare. Creazione di una difesa comune. Fine del monopolio delle Big Tech. Cari yankee potete portare a casa o altrove armi e bagagli, perch\u00e9 ce la possiamo fare da soli. \u00c8 un sogno?<\/p>\n","protected":false},"author":15,"featured_media":0,"comment_status":"closed","ping_status":"closed","sticky":false,"template":"","format":"standard","meta":{"om_disable_all_campaigns":false,"_monsterinsights_skip_tracking":false,"_monsterinsights_sitenote_active":false,"_monsterinsights_sitenote_note":"","_monsterinsights_sitenote_category":0,"footnotes":""},"categories":[15],"tags":[],"class_list":["post-828533","post","type-post","status-publish","format-standard","hentry","category-politica"],"aioseo_notices":[],"_links":{"self":[{"href":"https:\/\/nugnes.com\/index.php?rest_route=\/wp\/v2\/posts\/828533","targetHints":{"allow":["GET"]}}],"collection":[{"href":"https:\/\/nugnes.com\/index.php?rest_route=\/wp\/v2\/posts"}],"about":[{"href":"https:\/\/nugnes.com\/index.php?rest_route=\/wp\/v2\/types\/post"}],"author":[{"embeddable":true,"href":"https:\/\/nugnes.com\/index.php?rest_route=\/wp\/v2\/users\/15"}],"replies":[{"embeddable":true,"href":"https:\/\/nugnes.com\/index.php?rest_route=%2Fwp%2Fv2%2Fcomments&post=828533"}],"version-history":[{"count":1,"href":"https:\/\/nugnes.com\/index.php?rest_route=\/wp\/v2\/posts\/828533\/revisions"}],"predecessor-version":[{"id":828534,"href":"https:\/\/nugnes.com\/index.php?rest_route=\/wp\/v2\/posts\/828533\/revisions\/828534"}],"wp:attachment":[{"href":"https:\/\/nugnes.com\/index.php?rest_route=%2Fwp%2Fv2%2Fmedia&parent=828533"}],"wp:term":[{"taxonomy":"category","embeddable":true,"href":"https:\/\/nugnes.com\/index.php?rest_route=%2Fwp%2Fv2%2Fcategories&post=828533"},{"taxonomy":"post_tag","embeddable":true,"href":"https:\/\/nugnes.com\/index.php?rest_route=%2Fwp%2Fv2%2Ftags&post=828533"}],"curies":[{"name":"wp","href":"https:\/\/api.w.org\/{rel}","templated":true}]}}