{"id":828537,"date":"2026-05-01T13:47:22","date_gmt":"2026-05-01T13:47:22","guid":{"rendered":"http:\/\/nugnes.com\/?guid=2922bb63b1aa75b10656fdde4a85e577"},"modified":"2026-05-01T16:35:00","modified_gmt":"2026-05-01T16:35:00","slug":"brucia-il-monte-faeta-evacuate-3500-persone","status":"publish","type":"post","link":"https:\/\/nugnes.com\/?p=828537","title":{"rendered":"Brucia il Monte Faeta, evacuate 3500 persone"},"content":{"rendered":"<p>AGI - Non \u00e8 ancora stato <strong>domato l' incendio<\/strong> sul <strong>monte Faeta<\/strong>, nel <strong>nord della Toscana<\/strong>, alimentato dal <strong>forte vento<\/strong> che soffia sulla zona tra la <strong>provincia di Lucca<\/strong> a <strong>Santa Maria del Giudice<\/strong> e la <strong>provincia di Pisa<\/strong>, nei comuni di <strong>San Giuliano Terme<\/strong> e <strong>Asciano<\/strong>.<\/p>\n<p>La stima della superficie percorsa dal fuoco&nbsp;<strong>\u00e8 stata aggiornata a circa 710 ettari<\/strong>.Il dato emerge dai rilievi effettuati dai tecnici antincendi boschivi della Regione Toscana nell'area interessata dall'incendio. Il perimetro del rogo risulta attualmente contenuto per circa il 70%, con l'obiettivo di arrivare a contenerlo interamente nel corso della nottata e nella giornata di domani.<\/p>\n<p>La precedente valutazione di circa 800 ettari era stata elaborata come stima speditiva operativa, funzionale al rapido dislocamento delle squadre sul territorio nelle fasi pi\u00f9 critiche dell'emergenza. Il dato \u00e8 stato ora ricalcolato e adeguato sulla base delle superfici effettivamente percorse dal fuoco. Particolare attenzione \u00e8 rivolta alle <strong>numerose aree interne al perimetro gi\u00e0 interessato dal fuoco <\/strong>che risultano non bruciate o solo parzialmente percorse: si tratta di zone che possono riattivarsi con fronti anche intensi, generando nuove colonne di fumo e possibili salti di fuoco all'esterno del perimetro.<\/p>\n<h2>Lavoro delle squadre a terra<\/h2>\n<p><strong>Squadre di terra<\/strong> di <strong>vigili del fuoco<\/strong> e <strong>volontari di protezione civile<\/strong> hanno fronteggiato l' <strong>incendio&nbsp;<\/strong>per tutta la <strong>notte<\/strong> tra <strong>sabato e domenica<\/strong> anche con l'ausilio dei <strong>droni<\/strong> dotati di <strong>termocamera<\/strong> per il <strong>monitoraggio dei focolai<\/strong>.<\/p>\n<h2>Mezzi e forze impegnate nell'incendio<\/h2>\n<p>Attualmente operano sul <strong>versante di Asciano<\/strong> <strong>48 vigili del fuoco<\/strong> con <strong>19 mezzi<\/strong> fra <strong>autobotti<\/strong>, <strong>jeep<\/strong> e <strong>veicoli logistici<\/strong> e a supporto, soprattutto delle <strong>operazioni di evacuazione<\/strong>, anche alcune <strong>squadre di esercito<\/strong>, <strong>carabinieri<\/strong>, <strong>guardia di finanza<\/strong> e <strong>polizia di Stato<\/strong>.<\/p>\n<h2>Interventi aerei<\/h2>\n<p>Per domare l' incendio, dalle <strong>7<\/strong> sono ricominciati anche gli <strong>interventi dal cielo<\/strong> con un <strong>elicottero<\/strong> arrivato da <strong>Firenze<\/strong> e <strong>tre Canadair<\/strong> partiti da <strong>Roma<\/strong> e <strong>Genova<\/strong>.<\/p>\n<h2>Assistenza alla popolazione<\/h2>\n<p>\u00c8 stato attivato anche il <strong>sistema di protezione civile<\/strong> e <strong>sanitario<\/strong> per <strong>supporto ai cittadini<\/strong> e ai <strong>fragili<\/strong> nelle <strong>evacuazioni<\/strong>, con <strong>cucina da campo<\/strong> e <strong>assistenza<\/strong>.<\/p>\n<h2>Viabilit\u00e0 e chiusure<\/h2>\n<p>A causa dell'<strong>incendio boschivo<\/strong>, <strong>Anas<\/strong> ha <strong>chiuso al traffico<\/strong> in via <strong>precauzionale<\/strong> un tratto di circa <strong>1,5 km<\/strong> sulla <strong>statale 12 Radd<\/strong> \"<strong>dell'Abetone e del Brennero<\/strong>\" a <strong>San Giuliano Terme<\/strong> (<strong>Pisa<\/strong>). Lungo il <strong>tratto interdetto<\/strong> al <strong>transito<\/strong> si trova la <strong>galleria Monti Pisani<\/strong>.<\/p>","protected":false},"excerpt":{"rendered":"<p>AGI &#8211; Non \u00e8 ancora stato domato l&#8217; incendio sul monte Faeta, nel nord della Toscana, alimentato dal forte vento che soffia sulla zona tra la provincia di Lucca a Santa Maria del Giudice e la provincia di Pisa, nei comuni di San Giuliano Terme e Asciano&#8230;<\/p>\n","protected":false},"author":298,"featured_media":0,"comment_status":"closed","ping_status":"closed","sticky":false,"template":"","format":"standard","meta":{"om_disable_all_campaigns":false,"_monsterinsights_skip_tracking":false,"_monsterinsights_sitenote_active":false,"_monsterinsights_sitenote_note":"","_monsterinsights_sitenote_category":0,"footnotes":""},"categories":[10,1531],"tags":[],"class_list":["post-828537","post","type-post","status-publish","format-standard","hentry","category-cronaca","category-komposer"],"aioseo_notices":[],"_links":{"self":[{"href":"https:\/\/nugnes.com\/index.php?rest_route=\/wp\/v2\/posts\/828537","targetHints":{"allow":["GET"]}}],"collection":[{"href":"https:\/\/nugnes.com\/index.php?rest_route=\/wp\/v2\/posts"}],"about":[{"href":"https:\/\/nugnes.com\/index.php?rest_route=\/wp\/v2\/types\/post"}],"author":[{"embeddable":true,"href":"https:\/\/nugnes.com\/index.php?rest_route=\/wp\/v2\/users\/298"}],"replies":[{"embeddable":true,"href":"https:\/\/nugnes.com\/index.php?rest_route=%2Fwp%2Fv2%2Fcomments&post=828537"}],"version-history":[{"count":2,"href":"https:\/\/nugnes.com\/index.php?rest_route=\/wp\/v2\/posts\/828537\/revisions"}],"predecessor-version":[{"id":828539,"href":"https:\/\/nugnes.com\/index.php?rest_route=\/wp\/v2\/posts\/828537\/revisions\/828539"}],"wp:attachment":[{"href":"https:\/\/nugnes.com\/index.php?rest_route=%2Fwp%2Fv2%2Fmedia&parent=828537"}],"wp:term":[{"taxonomy":"category","embeddable":true,"href":"https:\/\/nugnes.com\/index.php?rest_route=%2Fwp%2Fv2%2Fcategories&post=828537"},{"taxonomy":"post_tag","embeddable":true,"href":"https:\/\/nugnes.com\/index.php?rest_route=%2Fwp%2Fv2%2Ftags&post=828537"}],"curies":[{"name":"wp","href":"https:\/\/api.w.org\/{rel}","templated":true}]}}