{"id":828566,"date":"2026-05-03T08:02:00","date_gmt":"2026-05-03T08:02:00","guid":{"rendered":"https:\/\/www.lettera43.it\/?p=1299006"},"modified":"2026-05-03T08:02:00","modified_gmt":"2026-05-03T08:02:00","slug":"trump-vs-leone-xiv-chi-sono-i-protagonisti-dello-scontro-tra-casa-bianca-e-vaticano","status":"publish","type":"post","link":"https:\/\/nugnes.com\/?p=828566","title":{"rendered":"Trump vs Leone XIV: chi sono i protagonisti dello scontro tra Casa Bianca e Vaticano"},"content":{"rendered":"\n<p>Nel conflitto apertosi fra il <strong>Papa<\/strong> e <strong>Donald Trump<\/strong> non ci sono solo i due protagonisti \u2013 che certo attirano il grosso dell\u2019attenzione mediatica per ovvie ragioni &#8211; ma contano pure tutta una serie di personalit\u00e0 tutt&#8217;altro che secondarie. Si tratta delle <strong>rispettive squadre<\/strong>, fra <strong>cardinali <\/strong>e <strong>uomini chiave dell\u2019amministrazione<\/strong>, che hanno alimentato lo <a href=\"https:\/\/www.lettera43.it\/scontro-trump-papa-leone-bergoglio\/\"  rel=\"noreferrer noopener\">scontro o il confronto<\/a>, inedito, fra <strong>Casa Bianca <\/strong>e <strong>Santa Sede<\/strong>. <\/p>\n\n\n<figure class=\"wp-block-image size-full\"><a href=\"https:\/\/www.lettera43.it\/galleria\/1299006\/1285165\"><img data-has-syndication-rights=\"1\" data-portal-copyright=\"Lettera43\" data-licensor-name=\"Lettera43\" decoding=\"async\" width=\"1200\" height=\"1033\" src=\"https:\/\/www.lettera43.it\/wp-content\/uploads\/2026\/02\/Screenshot-2026-02-06-alle-16.19.42.jpg\" alt=\"Trump vs Leone XIV: chi sono i protagonisti dello scontro tra Casa Bianca e Vaticano\" class=\"wp-image-1285165 lazyload\" title=\"Trump vs Leone XIV: chi sono i protagonisti dello scontro tra Casa Bianca e Vaticano\" data-src=\"https:\/\/www.lettera43.it\/wp-content\/uploads\/2026\/02\/Screenshot-2026-02-06-alle-16.19.42.jpg\" loading=\"lazy\" data-has-syndication-rights=\"1\" data-licensor-name=\"Lettera43\" srcset=\"https:\/\/www.lettera43.it\/wp-content\/uploads\/2026\/02\/Screenshot-2026-02-06-alle-16.19.42.jpg 1200w, https:\/\/www.lettera43.it\/wp-content\/uploads\/2026\/02\/Screenshot-2026-02-06-alle-16.19.42-800x689.jpg 800w, https:\/\/www.lettera43.it\/wp-content\/uploads\/2026\/02\/Screenshot-2026-02-06-alle-16.19.42-390x336.jpg 390w\" sizes=\"auto, (max-width: 1200px) 100vw, 1200px\" \/><\/a><figcaption class=\"wp-element-caption\">Papa Leone XIV e Donald Trump.<\/figcaption><\/figure>\n\n\n<h2 class=\"wp-block-heading\">I vescovi americani compatti con Prevost<\/h2>\n\n\n\n<p>Di certo senza precedenti \u00e8 il declino delle <a href=\"https:\/\/www.lettera43.it\/leone-xiv-trump-scontro-chiesa-cattolica-usa-ice-parolin-midterm-repubblicani\/\"  rel=\"noreferrer noopener\">relazioni fra Chiesa di Roma e amministrazione repubblicana<\/a>. Se tutto era cominciato gi\u00e0 con <strong>Francesco <\/strong>all\u2019epoca del primo mandato del presidente Trump \u2013 ma in quel caso le diffidenze erano state attribuite un po\u2019 superficialmente soprattutto all\u2019origine sudamericana del Papa argentino \u2013 pochi immaginavano che si arrivasse ai ferri corti con un Pontefice nato a Chicago. <\/p>\n\n\n<figure class=\"wp-block-image size-full\"><a href=\"https:\/\/www.lettera43.it\/galleria\/1299006\/1299072\"><img data-has-syndication-rights=\"1\" data-portal-copyright=\"Lettera43\" data-licensor-name=\"Lettera43\" decoding=\"async\" width=\"1200\" height=\"800\" src=\"https:\/\/www.lettera43.it\/wp-content\/uploads\/2026\/04\/Trump-vs-Leone-XIV-chi-sono-i-protagonisti-dello-scontro-tra-Casa-Bianca-e-Vaticano.jpg\" alt=\"Trump vs Leone XIV: chi sono i protagonisti dello scontro tra Casa Bianca e Vaticano\" class=\"wp-image-1299072 lazyload\" title=\"Trump vs Leone XIV: chi sono i protagonisti dello scontro tra Casa Bianca e Vaticano\" data-src=\"https:\/\/www.lettera43.it\/wp-content\/uploads\/2026\/04\/Trump-vs-Leone-XIV-chi-sono-i-protagonisti-dello-scontro-tra-Casa-Bianca-e-Vaticano.jpg\" loading=\"lazy\" data-has-syndication-rights=\"1\" data-licensor-name=\"Lettera43\" srcset=\"https:\/\/www.lettera43.it\/wp-content\/uploads\/2026\/04\/Trump-vs-Leone-XIV-chi-sono-i-protagonisti-dello-scontro-tra-Casa-Bianca-e-Vaticano.jpg 1200w, https:\/\/www.lettera43.it\/wp-content\/uploads\/2026\/04\/Trump-vs-Leone-XIV-chi-sono-i-protagonisti-dello-scontro-tra-Casa-Bianca-e-Vaticano-800x533.jpg 800w, https:\/\/www.lettera43.it\/wp-content\/uploads\/2026\/04\/Trump-vs-Leone-XIV-chi-sono-i-protagonisti-dello-scontro-tra-Casa-Bianca-e-Vaticano-390x260.jpg 390w\" sizes=\"auto, (max-width: 1200px) 100vw, 1200px\" \/><\/a><figcaption class=\"wp-element-caption\">Donald Trump e Papa Francesco (Imagoeconomica).<\/figcaption><\/figure>\n\n\n<p>Eppure <strong>Prevost<\/strong>, che pure ha passato lunghi anni e della propria esperienza ecclesiale in Per\u00f9, forse \u00e8 stato scelto proprio per questo dai suoi confratelli cardinali in Conclave. Non tanto perch\u00e9 in quanto americano poteva essere un buon interlocutore per il tycoon, ma al contrario, proprio perch\u00e9 statunitense, poteva contrastarne meglio politiche e metodi. Con Prevost, a differenza di quanto avvenne con Bergoglio, i <strong>vescovi Usa<\/strong> si sono schierati come un sol uomo dalla sua parte. Non solo quelli tradizionalmente \u201cliberal\u201d, ma anche diversi esponenti considerati pi\u00f9 vicini al <strong>fronte repubblicano<\/strong>.<\/p>\n\n\n<figure class=\"wp-block-image size-full\"><a href=\"https:\/\/www.lettera43.it\/galleria\/1299006\/1299063\"><img data-has-syndication-rights=\"1\" data-portal-copyright=\"Lettera43\" data-licensor-name=\"Lettera43\" decoding=\"async\" width=\"1200\" height=\"800\" src=\"https:\/\/www.lettera43.it\/wp-content\/uploads\/2026\/04\/Trump-vs-Leone-XIV-chi-sono-i-protagonisti-dello-scontro-tra-Casa-Bianca-e-Vaticano-d.jpg\" alt=\"Trump vs Leone XIV: chi sono i protagonisti dello scontro tra Casa Bianca e Vaticano\" class=\"wp-image-1299063 lazyload\" title=\"Trump vs Leone XIV: chi sono i protagonisti dello scontro tra Casa Bianca e Vaticano\" data-src=\"https:\/\/www.lettera43.it\/wp-content\/uploads\/2026\/04\/Trump-vs-Leone-XIV-chi-sono-i-protagonisti-dello-scontro-tra-Casa-Bianca-e-Vaticano-d.jpg\" loading=\"lazy\" data-has-syndication-rights=\"1\" data-licensor-name=\"Lettera43\" srcset=\"https:\/\/www.lettera43.it\/wp-content\/uploads\/2026\/04\/Trump-vs-Leone-XIV-chi-sono-i-protagonisti-dello-scontro-tra-Casa-Bianca-e-Vaticano-d.jpg 1200w, https:\/\/www.lettera43.it\/wp-content\/uploads\/2026\/04\/Trump-vs-Leone-XIV-chi-sono-i-protagonisti-dello-scontro-tra-Casa-Bianca-e-Vaticano-d-800x533.jpg 800w, https:\/\/www.lettera43.it\/wp-content\/uploads\/2026\/04\/Trump-vs-Leone-XIV-chi-sono-i-protagonisti-dello-scontro-tra-Casa-Bianca-e-Vaticano-d-390x260.jpg 390w\" sizes=\"auto, (max-width: 1200px) 100vw, 1200px\" \/><\/a><figcaption class=\"wp-element-caption\">Papa Prevost (Imagoeconomica).<\/figcaption><\/figure>\n\n\n<h2 class=\"wp-block-heading\">La squadra dei porporati: da Broglio a Gomez<\/h2>\n\n\n\n<p>A cominciare dall\u2019ex presidente della conferenza episcopale Usa, mons. <strong>Timothy Broglio<\/strong>, ordinario militare, che si \u00e8 spinto a ipotizzare l\u2019obiezione di coscienza da parte di militari in caso di attacco Usa alla Groenlandia; ha poi duramente criticato la caccia agli immigrati in scuole e chiese.&nbsp;D\u2019altro canto, la <strong>politica migratoria<\/strong> trumpiana ha suscitato ampie proteste nella chiesa d\u2019Oltreoceano; e anche un altro arcivescovo \u2018conservatore\u2019 come<strong> Jos\u00e8 Gomez<\/strong>, non a caso originario del Messico, titolare della diocesi di Los Angeles, una delle pi\u00f9 grandi del Paese, ha puntato il dito contro i metodi usati dalle forze di sicurezza in modo indiscriminato contro chi lavora e vive in negli Stati Uniti da molti anni. Pi\u00f9 classica la presa di posizione di <strong>tre cardinali progressisti<\/strong> contro la politica estera della Casa Bianca, contestata nel merito e nel metodo. Si tratta di <strong>Blase Cupich<\/strong>, arcivescovo di Chicago, <strong>Robert McElroy<\/strong>, arcivescovo di Washington e di <strong>Joseph Tobin, <\/strong>capo della diocesi di Newark che hanno firmato un documento comune.<\/p>\n\n\n<div class=\"swiper-container\"><div class=\"swiper-wrapper\"><div class=\"swiper-slide\"><figure class=\"wp-block-image size-large\"><a href=\"https:\/\/www.lettera43.it\/galleria\/1299006\/1299064\"><img data-has-syndication-rights=\"1\" data-portal-copyright=\"Lettera43\" data-licensor-name=\"Lettera43\" decoding=\"async\" width=\"1024\" height=\"683\" data-id=\"1299064\" src=\"https:\/\/www.lettera43.it\/wp-content\/uploads\/2026\/04\/Trump-vs-Leone-XIV-chi-sono-i-protagonisti-dello-scontro-tra-Casa-Bianca-e-Vaticano-er.jpg\" alt=\"Trump vs Leone XIV: chi sono i protagonisti dello scontro tra Casa Bianca e Vaticano\" class=\"wp-image-1299064 lazyload\" title=\"Trump vs Leone XIV: chi sono i protagonisti dello scontro tra Casa Bianca e Vaticano\" data-src=\"https:\/\/www.lettera43.it\/wp-content\/uploads\/2026\/04\/Trump-vs-Leone-XIV-chi-sono-i-protagonisti-dello-scontro-tra-Casa-Bianca-e-Vaticano-er.jpg\" loading=\"lazy\" data-has-syndication-rights=\"1\" data-licensor-name=\"Lettera43\" srcset=\"https:\/\/www.lettera43.it\/wp-content\/uploads\/2026\/04\/Trump-vs-Leone-XIV-chi-sono-i-protagonisti-dello-scontro-tra-Casa-Bianca-e-Vaticano-er.jpg 1024w, https:\/\/www.lettera43.it\/wp-content\/uploads\/2026\/04\/Trump-vs-Leone-XIV-chi-sono-i-protagonisti-dello-scontro-tra-Casa-Bianca-e-Vaticano-er-800x534.jpg 800w, https:\/\/www.lettera43.it\/wp-content\/uploads\/2026\/04\/Trump-vs-Leone-XIV-chi-sono-i-protagonisti-dello-scontro-tra-Casa-Bianca-e-Vaticano-er-390x260.jpg 390w\" sizes=\"auto, (max-width: 1024px) 100vw, 1024px\" \/><\/a><\/figure><\/div><div class=\"swiper-slide\"><figure class=\"wp-block-image size-large\"><a href=\"https:\/\/www.lettera43.it\/galleria\/1299006\/1299066\"><img data-has-syndication-rights=\"1\" data-portal-copyright=\"Lettera43\" data-licensor-name=\"Lettera43\" decoding=\"async\" width=\"1200\" height=\"826\" data-id=\"1299066\" src=\"https:\/\/www.lettera43.it\/wp-content\/uploads\/2026\/04\/Trump-vs-Leone-XIV-chi-sono-i-protagonisti-dello-scontro-tra-Casa-Bianca-e-Vaticano-gomez.jpg\" alt=\"Trump vs Leone XIV: chi sono i protagonisti dello scontro tra Casa Bianca e Vaticano\" class=\"wp-image-1299066 lazyload\" title=\"Trump vs Leone XIV: chi sono i protagonisti dello scontro tra Casa Bianca e Vaticano\" data-src=\"https:\/\/www.lettera43.it\/wp-content\/uploads\/2026\/04\/Trump-vs-Leone-XIV-chi-sono-i-protagonisti-dello-scontro-tra-Casa-Bianca-e-Vaticano-gomez.jpg\" loading=\"lazy\" data-has-syndication-rights=\"1\" data-licensor-name=\"Lettera43\" srcset=\"https:\/\/www.lettera43.it\/wp-content\/uploads\/2026\/04\/Trump-vs-Leone-XIV-chi-sono-i-protagonisti-dello-scontro-tra-Casa-Bianca-e-Vaticano-gomez.jpg 1200w, https:\/\/www.lettera43.it\/wp-content\/uploads\/2026\/04\/Trump-vs-Leone-XIV-chi-sono-i-protagonisti-dello-scontro-tra-Casa-Bianca-e-Vaticano-gomez-800x551.jpg 800w, https:\/\/www.lettera43.it\/wp-content\/uploads\/2026\/04\/Trump-vs-Leone-XIV-chi-sono-i-protagonisti-dello-scontro-tra-Casa-Bianca-e-Vaticano-gomez-390x268.jpg 390w\" sizes=\"auto, (max-width: 1200px) 100vw, 1200px\" \/><\/a><\/figure><\/div><div class=\"swiper-slide\"><figure class=\"wp-block-image size-large\"><a href=\"https:\/\/www.lettera43.it\/galleria\/1299006\/1299073\"><img data-has-syndication-rights=\"1\" data-portal-copyright=\"Lettera43\" data-licensor-name=\"Lettera43\" decoding=\"async\" width=\"1200\" height=\"800\" data-id=\"1299073\" src=\"https:\/\/www.lettera43.it\/wp-content\/uploads\/2026\/04\/Trump-vs-Leone-XIV-chi-sono-i-protagonisti-dello-scontro-tra-Casa-Bianca-e-Vaticano-blase.jpg\" alt=\"Trump vs Leone XIV: chi sono i protagonisti dello scontro tra Casa Bianca e Vaticano\" class=\"wp-image-1299073 lazyload\" title=\"Trump vs Leone XIV: chi sono i protagonisti dello scontro tra Casa Bianca e Vaticano\" data-src=\"https:\/\/www.lettera43.it\/wp-content\/uploads\/2026\/04\/Trump-vs-Leone-XIV-chi-sono-i-protagonisti-dello-scontro-tra-Casa-Bianca-e-Vaticano-blase.jpg\" loading=\"lazy\" data-has-syndication-rights=\"1\" data-licensor-name=\"Lettera43\" srcset=\"https:\/\/www.lettera43.it\/wp-content\/uploads\/2026\/04\/Trump-vs-Leone-XIV-chi-sono-i-protagonisti-dello-scontro-tra-Casa-Bianca-e-Vaticano-blase.jpg 1200w, https:\/\/www.lettera43.it\/wp-content\/uploads\/2026\/04\/Trump-vs-Leone-XIV-chi-sono-i-protagonisti-dello-scontro-tra-Casa-Bianca-e-Vaticano-blase-800x533.jpg 800w, https:\/\/www.lettera43.it\/wp-content\/uploads\/2026\/04\/Trump-vs-Leone-XIV-chi-sono-i-protagonisti-dello-scontro-tra-Casa-Bianca-e-Vaticano-blase-390x260.jpg 390w\" sizes=\"auto, (max-width: 1200px) 100vw, 1200px\" \/><\/a><\/figure><\/div><div class=\"swiper-slide\"><figure class=\"wp-block-image size-large\"><a href=\"https:\/\/www.lettera43.it\/galleria\/1299006\/1299069\"><img data-has-syndication-rights=\"1\" data-portal-copyright=\"Lettera43\" data-licensor-name=\"Lettera43\" decoding=\"async\" width=\"800\" height=\"1200\" data-id=\"1299069\" src=\"https:\/\/www.lettera43.it\/wp-content\/uploads\/2026\/04\/Trump-vs-Leone-XIV-chi-sono-i-protagonisti-dello-scontro-tra-Casa-Bianca-e-Vaticano-TOBIN.jpg\" alt=\"Trump vs Leone XIV: chi sono i protagonisti dello scontro tra Casa Bianca e Vaticano\" class=\"wp-image-1299069 lazyload\" title=\"Trump vs Leone XIV: chi sono i protagonisti dello scontro tra Casa Bianca e Vaticano\" data-src=\"https:\/\/www.lettera43.it\/wp-content\/uploads\/2026\/04\/Trump-vs-Leone-XIV-chi-sono-i-protagonisti-dello-scontro-tra-Casa-Bianca-e-Vaticano-TOBIN.jpg\" loading=\"lazy\" data-has-syndication-rights=\"1\" data-licensor-name=\"Lettera43\" srcset=\"https:\/\/www.lettera43.it\/wp-content\/uploads\/2026\/04\/Trump-vs-Leone-XIV-chi-sono-i-protagonisti-dello-scontro-tra-Casa-Bianca-e-Vaticano-TOBIN.jpg 800w, https:\/\/www.lettera43.it\/wp-content\/uploads\/2026\/04\/Trump-vs-Leone-XIV-chi-sono-i-protagonisti-dello-scontro-tra-Casa-Bianca-e-Vaticano-TOBIN-390x585.jpg 390w\" sizes=\"auto, (max-width: 800px) 100vw, 800px\" \/><\/a><\/figure><\/div><div class=\"swiper-slide\"><figure class=\"wp-block-image size-large\"><a href=\"https:\/\/www.lettera43.it\/galleria\/1299006\/1299071\"><img data-has-syndication-rights=\"1\" data-portal-copyright=\"Lettera43\" data-licensor-name=\"Lettera43\" decoding=\"async\" width=\"800\" height=\"1200\" data-id=\"1299071\" src=\"https:\/\/www.lettera43.it\/wp-content\/uploads\/2026\/04\/Trump-vs-Leone-XIV-chi-sono-i-protagonisti-dello-scontro-tra-Casa-Bianca-e-Vaticano-ansa.jpg\" alt=\"Trump vs Leone XIV: chi sono i protagonisti dello scontro tra Casa Bianca e Vaticano\" class=\"wp-image-1299071 lazyload\" title=\"Trump vs Leone XIV: chi sono i protagonisti dello scontro tra Casa Bianca e Vaticano\" data-src=\"https:\/\/www.lettera43.it\/wp-content\/uploads\/2026\/04\/Trump-vs-Leone-XIV-chi-sono-i-protagonisti-dello-scontro-tra-Casa-Bianca-e-Vaticano-ansa.jpg\" loading=\"lazy\" data-has-syndication-rights=\"1\" data-licensor-name=\"Lettera43\" srcset=\"https:\/\/www.lettera43.it\/wp-content\/uploads\/2026\/04\/Trump-vs-Leone-XIV-chi-sono-i-protagonisti-dello-scontro-tra-Casa-Bianca-e-Vaticano-ansa.jpg 800w, https:\/\/www.lettera43.it\/wp-content\/uploads\/2026\/04\/Trump-vs-Leone-XIV-chi-sono-i-protagonisti-dello-scontro-tra-Casa-Bianca-e-Vaticano-ansa-390x585.jpg 390w\" sizes=\"auto, (max-width: 800px) 100vw, 800px\" \/><\/a><\/figure><\/div><div class=\"swiper-slide\"><figure class=\"wp-block-image size-large\"><a href=\"https:\/\/www.lettera43.it\/galleria\/1299006\/1299070\"><img data-has-syndication-rights=\"1\" data-portal-copyright=\"Lettera43\" data-licensor-name=\"Lettera43\" decoding=\"async\" width=\"1200\" height=\"801\" data-id=\"1299070\" src=\"https:\/\/www.lettera43.it\/wp-content\/uploads\/2026\/04\/Trump-vs-Leone-XIV-chi-sono-i-protagonisti-dello-scontro-tra-Casa-Bianca-e-Vaticano-tres.jpg\" alt=\"Trump vs Leone XIV: chi sono i protagonisti dello scontro tra Casa Bianca e Vaticano\" class=\"wp-image-1299070 lazyload\" title=\"Trump vs Leone XIV: chi sono i protagonisti dello scontro tra Casa Bianca e Vaticano\" data-src=\"https:\/\/www.lettera43.it\/wp-content\/uploads\/2026\/04\/Trump-vs-Leone-XIV-chi-sono-i-protagonisti-dello-scontro-tra-Casa-Bianca-e-Vaticano-tres.jpg\" loading=\"lazy\" data-has-syndication-rights=\"1\" data-licensor-name=\"Lettera43\" srcset=\"https:\/\/www.lettera43.it\/wp-content\/uploads\/2026\/04\/Trump-vs-Leone-XIV-chi-sono-i-protagonisti-dello-scontro-tra-Casa-Bianca-e-Vaticano-tres.jpg 1200w, https:\/\/www.lettera43.it\/wp-content\/uploads\/2026\/04\/Trump-vs-Leone-XIV-chi-sono-i-protagonisti-dello-scontro-tra-Casa-Bianca-e-Vaticano-tres-800x534.jpg 800w, https:\/\/www.lettera43.it\/wp-content\/uploads\/2026\/04\/Trump-vs-Leone-XIV-chi-sono-i-protagonisti-dello-scontro-tra-Casa-Bianca-e-Vaticano-tres-390x260.jpg 390w\" sizes=\"auto, (max-width: 1200px) 100vw, 1200px\" \/><\/a><\/figure><div class=\"swiper-lazy-preloader\"><\/div><\/div><\/div><div class=\"swiper-pagination\"><\/div><div class=\"swiper-button-next\"><\/div><div class=\"swiper-button-prev\"><\/div><\/div>\n\n\n<h2 class=\"wp-block-heading\">La linea diplomatica di Parolin con Gallagher e Giordano Caccia<\/h2>\n\n\n\n<p>La cattura di <strong>Nicolas Maduro<\/strong>, senza che il Venezuela avviasse una transizione verso la democrazia, lo strangolamento economico imposto a <strong>Cuba<\/strong>, l\u2019appoggio acritico a<strong> Benjamin Netanyahu<\/strong> nella distruzione di Gaza, il tentativo di svuotare definitivamente le <strong>Nazioni Unite<\/strong> da qualsiasi ruolo attivo nella risoluzione delle crisi internazionali e, infine, la <strong>guerra di aggressione all\u2019Iran<\/strong>, sono altri capitoli del dissenso della<strong> Chiesa cattolica<\/strong> rispetto al modus operandi di&nbsp;Trump e dei suoi pi\u00f9 stretti collaboratori. D&#8217;altro canto, i vescovi Usa giocano di sponda con il <strong>Vaticano<\/strong> dove il capo della diplomazia del Papa, il <strong>cardinale Pietro Parolin<\/strong> in questi mesi ha sapientemente tracciato la linea politico-diplomatica da seguire. \u00abLa risposta alla crisi dell&#8217;ordine internazionale, generata da un rinnovato orientamento all&#8217;uso della forza e dal dileggio delle regole del diritto internazionale, pu\u00f2 trovarsi solo nel delineare percorsi concreti di pace, fatti di principi, regole e strutture garanti dell&#8217;ordine tra le Nazioni\u00bb, spiegava lo scorso 27 aprile il cardinale. Al suo fianco troviamo l\u2019inglese mons. <strong>Paul Gallagher<\/strong> quale Sostituto per i rapporti con gli Stati e le organizzazioni internazionali della Segreteria di Stato; insieme a loro la <strong>rete dei nunzi apostolici<\/strong> che costituisce un riferimento essenziale in questa vicenda, a cominciare da quello negli Usa appena nominato il 7 marzo scorso e proveniente dall\u2019incarico di rappresentante vaticano alle Nazioni Unite: monsignor <strong>Gabriele Giordano Caccia<\/strong>.<\/p>\n\n\n<div class=\"swiper-container\"><div class=\"swiper-wrapper\"><div class=\"swiper-slide\"><figure class=\"wp-block-image size-large\"><a href=\"https:\/\/www.lettera43.it\/galleria\/1299006\/1299067\"><img data-has-syndication-rights=\"1\" data-portal-copyright=\"Lettera43\" data-licensor-name=\"Lettera43\" decoding=\"async\" width=\"1200\" height=\"800\" data-id=\"1299067\" src=\"https:\/\/www.lettera43.it\/wp-content\/uploads\/2026\/04\/Trump-vs-Leone-XIV-chi-sono-i-protagonisti-dello-scontro-tra-Casa-Bianca-e-Vaticano-paro.jpg\" alt=\"Trump vs Leone XIV: chi sono i protagonisti dello scontro tra Casa Bianca e Vaticano\" class=\"wp-image-1299067 lazyload\" title=\"Trump vs Leone XIV: chi sono i protagonisti dello scontro tra Casa Bianca e Vaticano\" data-src=\"https:\/\/www.lettera43.it\/wp-content\/uploads\/2026\/04\/Trump-vs-Leone-XIV-chi-sono-i-protagonisti-dello-scontro-tra-Casa-Bianca-e-Vaticano-paro.jpg\" loading=\"lazy\" data-has-syndication-rights=\"1\" data-licensor-name=\"Lettera43\" srcset=\"https:\/\/www.lettera43.it\/wp-content\/uploads\/2026\/04\/Trump-vs-Leone-XIV-chi-sono-i-protagonisti-dello-scontro-tra-Casa-Bianca-e-Vaticano-paro.jpg 1200w, https:\/\/www.lettera43.it\/wp-content\/uploads\/2026\/04\/Trump-vs-Leone-XIV-chi-sono-i-protagonisti-dello-scontro-tra-Casa-Bianca-e-Vaticano-paro-800x533.jpg 800w, https:\/\/www.lettera43.it\/wp-content\/uploads\/2026\/04\/Trump-vs-Leone-XIV-chi-sono-i-protagonisti-dello-scontro-tra-Casa-Bianca-e-Vaticano-paro-390x260.jpg 390w\" sizes=\"auto, (max-width: 1200px) 100vw, 1200px\" \/><\/a><\/figure><\/div><div class=\"swiper-slide\"><figure class=\"wp-block-image size-large\"><a href=\"https:\/\/www.lettera43.it\/galleria\/1299006\/1299065\"><img data-has-syndication-rights=\"1\" data-portal-copyright=\"Lettera43\" data-licensor-name=\"Lettera43\" decoding=\"async\" width=\"1200\" height=\"800\" data-id=\"1299065\" src=\"https:\/\/www.lettera43.it\/wp-content\/uploads\/2026\/04\/Trump-vs-Leone-XIV-chi-sono-i-protagonisti-dello-scontro-tra-Casa-Bianca-e-Vaticano-gallagher.jpg\" alt=\"Trump vs Leone XIV: chi sono i protagonisti dello scontro tra Casa Bianca e Vaticano\" class=\"wp-image-1299065 lazyload\" title=\"Trump vs Leone XIV: chi sono i protagonisti dello scontro tra Casa Bianca e Vaticano\" data-src=\"https:\/\/www.lettera43.it\/wp-content\/uploads\/2026\/04\/Trump-vs-Leone-XIV-chi-sono-i-protagonisti-dello-scontro-tra-Casa-Bianca-e-Vaticano-gallagher.jpg\" loading=\"lazy\" data-has-syndication-rights=\"1\" data-licensor-name=\"Lettera43\" srcset=\"https:\/\/www.lettera43.it\/wp-content\/uploads\/2026\/04\/Trump-vs-Leone-XIV-chi-sono-i-protagonisti-dello-scontro-tra-Casa-Bianca-e-Vaticano-gallagher.jpg 1200w, https:\/\/www.lettera43.it\/wp-content\/uploads\/2026\/04\/Trump-vs-Leone-XIV-chi-sono-i-protagonisti-dello-scontro-tra-Casa-Bianca-e-Vaticano-gallagher-800x533.jpg 800w, https:\/\/www.lettera43.it\/wp-content\/uploads\/2026\/04\/Trump-vs-Leone-XIV-chi-sono-i-protagonisti-dello-scontro-tra-Casa-Bianca-e-Vaticano-gallagher-390x260.jpg 390w\" sizes=\"auto, (max-width: 1200px) 100vw, 1200px\" \/><\/a><\/figure><\/div><div class=\"swiper-slide\"><figure class=\"wp-block-image size-large\"><a href=\"https:\/\/www.lettera43.it\/galleria\/1299006\/1299062\"><img data-has-syndication-rights=\"1\" data-portal-copyright=\"Lettera43\" data-licensor-name=\"Lettera43\" decoding=\"async\" width=\"837\" height=\"1200\" data-id=\"1299062\" src=\"https:\/\/www.lettera43.it\/wp-content\/uploads\/2026\/04\/Monsignor-Gabriele-Giordano-Caccia-.jpg\" alt=\"Trump vs Leone XIV: chi sono i protagonisti dello scontro tra Casa Bianca e Vaticano\" class=\"wp-image-1299062 lazyload\" title=\"Trump vs Leone XIV: chi sono i protagonisti dello scontro tra Casa Bianca e Vaticano\" data-src=\"https:\/\/www.lettera43.it\/wp-content\/uploads\/2026\/04\/Monsignor-Gabriele-Giordano-Caccia-.jpg\" loading=\"lazy\" data-has-syndication-rights=\"1\" data-licensor-name=\"Lettera43\" srcset=\"https:\/\/www.lettera43.it\/wp-content\/uploads\/2026\/04\/Monsignor-Gabriele-Giordano-Caccia-.jpg 837w, https:\/\/www.lettera43.it\/wp-content\/uploads\/2026\/04\/Monsignor-Gabriele-Giordano-Caccia--800x1147.jpg 800w, https:\/\/www.lettera43.it\/wp-content\/uploads\/2026\/04\/Monsignor-Gabriele-Giordano-Caccia--390x559.jpg 390w\" sizes=\"auto, (max-width: 837px) 100vw, 837px\" \/><\/a><\/figure><div class=\"swiper-lazy-preloader\"><\/div><\/div><\/div><div class=\"swiper-pagination\"><\/div><div class=\"swiper-button-next\"><\/div><div class=\"swiper-button-prev\"><\/div><\/div>\n\n\n<h2 class=\"wp-block-heading\">Il fronte della Casa Bianca: dal &#8216;teologo&#8217; Vance a Paula Cain<\/h2>\n\n\n\n<p>Sul fronte opposto, ovvero quello della Casa Bianca, sono diversi gli esponenti dell&#8217;amministrazione Trump che si sono scatenati dopo che il presidente ha deciso di rompere gli indugi e attaccare frontalmente Leone XIV.&nbsp;Anche perch\u00e9 il rischio intravisto dall&#8217;establishment trumpiano \u00e8 quello di perdere una <strong>parte del voto cattolico<\/strong> &#8211; decisivo per la vittoria di The Donald alle Presidenziali &#8211; in vista delle elezioni di <strong>midterm <\/strong>del prossimo novembre. Ma non \u00e8 affatto detto che la strategia di assaltare la Santa Sede produca gli effetti sperati.&nbsp;Fra i falchi di questa battaglia, c\u2019\u00e8 senz&#8217;altro il <strong>vicepresidente JD Vance<\/strong>, <a href=\"https:\/\/www.lettera43.it\/vance-libro-conversione-strumentale-fede-marketing\/\"  rel=\"noreferrer noopener\">neoconvertito al cattolicesimo<\/a>, che ha cercato di contrastare Leone tirando fuori l&#8217;argomento della \u00abguerra giusta\u00bb contro i regimi autoritari (quale appunto l\u2019Iran), come <strong>argomento teologico<\/strong> del quale il papa non avrebbe tenuto conto. <\/p>\n\n\n<div class=\"swiper-container\"><div class=\"swiper-wrapper\"><div class=\"swiper-slide\"><figure class=\"wp-block-image size-large\"><a href=\"https:\/\/www.lettera43.it\/galleria\/1299006\/1297407\"><img data-has-syndication-rights=\"1\" data-portal-copyright=\"Lettera43\" data-licensor-name=\"Lettera43\" decoding=\"async\" width=\"1200\" height=\"801\" data-id=\"1297407\" src=\"https:\/\/www.lettera43.it\/wp-content\/uploads\/2026\/04\/Vance-e-il-libro-sulla-conversione-strumentale-cosi-la-fede-e-marketing-1.jpg\" alt=\"Trump vs Leone XIV: chi sono i protagonisti dello scontro tra Casa Bianca e Vaticano\" class=\"wp-image-1297407 lazyload\" title=\"Trump vs Leone XIV: chi sono i protagonisti dello scontro tra Casa Bianca e Vaticano\" data-src=\"https:\/\/www.lettera43.it\/wp-content\/uploads\/2026\/04\/Vance-e-il-libro-sulla-conversione-strumentale-cosi-la-fede-e-marketing-1.jpg\" loading=\"lazy\" data-has-syndication-rights=\"1\" data-licensor-name=\"Lettera43\" srcset=\"https:\/\/www.lettera43.it\/wp-content\/uploads\/2026\/04\/Vance-e-il-libro-sulla-conversione-strumentale-cosi-la-fede-e-marketing-1.jpg 1200w, https:\/\/www.lettera43.it\/wp-content\/uploads\/2026\/04\/Vance-e-il-libro-sulla-conversione-strumentale-cosi-la-fede-e-marketing-1-800x534.jpg 800w, https:\/\/www.lettera43.it\/wp-content\/uploads\/2026\/04\/Vance-e-il-libro-sulla-conversione-strumentale-cosi-la-fede-e-marketing-1-390x260.jpg 390w\" sizes=\"auto, (max-width: 1200px) 100vw, 1200px\" \/><\/a><\/figure><\/div><div class=\"swiper-slide\"><figure class=\"wp-block-image size-large\"><a href=\"https:\/\/www.lettera43.it\/galleria\/1299006\/1288478\"><img data-has-syndication-rights=\"1\" data-portal-copyright=\"Lettera43\" data-licensor-name=\"Lettera43\" decoding=\"async\" width=\"1200\" height=\"801\" data-id=\"1288478\" src=\"https:\/\/www.lettera43.it\/wp-content\/uploads\/2026\/02\/tagfin_2026022612184842_e6d4ecd780a1586e5430ba9dfc6d4827.jpg\" alt=\"Trump vs Leone XIV: chi sono i protagonisti dello scontro tra Casa Bianca e Vaticano\" class=\"wp-image-1288478 lazyload\" title=\"Trump vs Leone XIV: chi sono i protagonisti dello scontro tra Casa Bianca e Vaticano\" data-src=\"https:\/\/www.lettera43.it\/wp-content\/uploads\/2026\/02\/tagfin_2026022612184842_e6d4ecd780a1586e5430ba9dfc6d4827.jpg\" loading=\"lazy\" data-has-syndication-rights=\"1\" data-licensor-name=\"Lettera43\" srcset=\"https:\/\/www.lettera43.it\/wp-content\/uploads\/2026\/02\/tagfin_2026022612184842_e6d4ecd780a1586e5430ba9dfc6d4827.jpg 1200w, https:\/\/www.lettera43.it\/wp-content\/uploads\/2026\/02\/tagfin_2026022612184842_e6d4ecd780a1586e5430ba9dfc6d4827-800x534.jpg 800w, https:\/\/www.lettera43.it\/wp-content\/uploads\/2026\/02\/tagfin_2026022612184842_e6d4ecd780a1586e5430ba9dfc6d4827-390x260.jpg 390w\" sizes=\"auto, (max-width: 1200px) 100vw, 1200px\" \/><\/a><\/figure><\/div><div class=\"swiper-slide\"><figure class=\"wp-block-image size-large\"><a href=\"https:\/\/www.lettera43.it\/galleria\/1299006\/1289656\"><img data-has-syndication-rights=\"1\" data-portal-copyright=\"Lettera43\" data-licensor-name=\"Lettera43\" decoding=\"async\" width=\"1200\" height=\"800\" data-id=\"1289656\" src=\"https:\/\/www.lettera43.it\/wp-content\/uploads\/2026\/03\/tagfin_20260304163406951_ff029e7fe5cd82489b56bffc75291194.jpg\" alt=\"Trump vs Leone XIV: chi sono i protagonisti dello scontro tra Casa Bianca e Vaticano\" class=\"wp-image-1289656 lazyload\" title=\"Trump vs Leone XIV: chi sono i protagonisti dello scontro tra Casa Bianca e Vaticano\" data-src=\"https:\/\/www.lettera43.it\/wp-content\/uploads\/2026\/03\/tagfin_20260304163406951_ff029e7fe5cd82489b56bffc75291194.jpg\" loading=\"lazy\" data-has-syndication-rights=\"1\" data-licensor-name=\"Lettera43\" srcset=\"https:\/\/www.lettera43.it\/wp-content\/uploads\/2026\/03\/tagfin_20260304163406951_ff029e7fe5cd82489b56bffc75291194.jpg 1200w, https:\/\/www.lettera43.it\/wp-content\/uploads\/2026\/03\/tagfin_20260304163406951_ff029e7fe5cd82489b56bffc75291194-800x533.jpg 800w, https:\/\/www.lettera43.it\/wp-content\/uploads\/2026\/03\/tagfin_20260304163406951_ff029e7fe5cd82489b56bffc75291194-390x260.jpg 390w\" sizes=\"auto, (max-width: 1200px) 100vw, 1200px\" \/><\/a><\/figure><\/div><div class=\"swiper-slide\"><figure class=\"wp-block-image size-large\"><a href=\"https:\/\/www.lettera43.it\/galleria\/1299006\/1297325\"><img data-has-syndication-rights=\"1\" data-portal-copyright=\"Lettera43\" data-licensor-name=\"Lettera43\" decoding=\"async\" width=\"1024\" height=\"1024\" data-id=\"1297325\" src=\"https:\/\/www.lettera43.it\/wp-content\/uploads\/2026\/04\/Image.jpg\" alt=\"Trump vs Leone XIV: chi sono i protagonisti dello scontro tra Casa Bianca e Vaticano\" class=\"wp-image-1297325 lazyload\" title=\"Trump vs Leone XIV: chi sono i protagonisti dello scontro tra Casa Bianca e Vaticano\" data-src=\"https:\/\/www.lettera43.it\/wp-content\/uploads\/2026\/04\/Image.jpg\" loading=\"lazy\" data-has-syndication-rights=\"1\" data-licensor-name=\"Lettera43\" srcset=\"https:\/\/www.lettera43.it\/wp-content\/uploads\/2026\/04\/Image.jpg 1024w, https:\/\/www.lettera43.it\/wp-content\/uploads\/2026\/04\/Image-800x800.jpg 800w, https:\/\/www.lettera43.it\/wp-content\/uploads\/2026\/04\/Image-390x390.jpg 390w\" sizes=\"auto, (max-width: 1024px) 100vw, 1024px\" \/><\/a><\/figure><\/div><div class=\"swiper-slide\"><figure class=\"wp-block-image size-large\"><a href=\"https:\/\/www.lettera43.it\/galleria\/1299006\/1299068\"><img data-has-syndication-rights=\"1\" data-portal-copyright=\"Lettera43\" data-licensor-name=\"Lettera43\" decoding=\"async\" width=\"1200\" height=\"801\" data-id=\"1299068\" src=\"https:\/\/www.lettera43.it\/wp-content\/uploads\/2026\/04\/Trump-vs-Leone-XIV-chi-sono-i-protagonisti-dello-scontro-tra-Casa-Bianca-e-Vaticano-PAULA.jpg\" alt=\"Trump vs Leone XIV: chi sono i protagonisti dello scontro tra Casa Bianca e Vaticano\" class=\"wp-image-1299068 lazyload\" title=\"Trump vs Leone XIV: chi sono i protagonisti dello scontro tra Casa Bianca e Vaticano\" data-src=\"https:\/\/www.lettera43.it\/wp-content\/uploads\/2026\/04\/Trump-vs-Leone-XIV-chi-sono-i-protagonisti-dello-scontro-tra-Casa-Bianca-e-Vaticano-PAULA.jpg\" loading=\"lazy\" data-has-syndication-rights=\"1\" data-licensor-name=\"Lettera43\" srcset=\"https:\/\/www.lettera43.it\/wp-content\/uploads\/2026\/04\/Trump-vs-Leone-XIV-chi-sono-i-protagonisti-dello-scontro-tra-Casa-Bianca-e-Vaticano-PAULA.jpg 1200w, https:\/\/www.lettera43.it\/wp-content\/uploads\/2026\/04\/Trump-vs-Leone-XIV-chi-sono-i-protagonisti-dello-scontro-tra-Casa-Bianca-e-Vaticano-PAULA-800x534.jpg 800w, https:\/\/www.lettera43.it\/wp-content\/uploads\/2026\/04\/Trump-vs-Leone-XIV-chi-sono-i-protagonisti-dello-scontro-tra-Casa-Bianca-e-Vaticano-PAULA-390x260.jpg 390w\" sizes=\"auto, (max-width: 1200px) 100vw, 1200px\" \/><\/a><\/figure><\/div><div class=\"swiper-slide\"><figure class=\"wp-block-image size-large\"><a href=\"https:\/\/www.lettera43.it\/galleria\/1299006\/1160577\"><img data-has-syndication-rights=\"1\" data-portal-copyright=\"Lettera43\" data-licensor-name=\"Lettera43\" decoding=\"async\" width=\"1024\" height=\"683\" data-id=\"1160577\" src=\"https:\/\/www.lettera43.it\/wp-content\/uploads\/2024\/11\/Trump-nomina-lo-zar-dei-confini-Tom-Homan-come-responsabile-per-il-controllo-delle-frontiere2.jpg\" alt=\"Trump vs Leone XIV: chi sono i protagonisti dello scontro tra Casa Bianca e Vaticano\" class=\"wp-image-1160577 lazyload\" title=\"Trump vs Leone XIV: chi sono i protagonisti dello scontro tra Casa Bianca e Vaticano\" data-src=\"https:\/\/www.lettera43.it\/wp-content\/uploads\/2024\/11\/Trump-nomina-lo-zar-dei-confini-Tom-Homan-come-responsabile-per-il-controllo-delle-frontiere2.jpg\" loading=\"lazy\" data-has-syndication-rights=\"1\" data-licensor-name=\"Lettera43\" srcset=\"https:\/\/www.lettera43.it\/wp-content\/uploads\/2024\/11\/Trump-nomina-lo-zar-dei-confini-Tom-Homan-come-responsabile-per-il-controllo-delle-frontiere2.jpg 1024w, https:\/\/www.lettera43.it\/wp-content\/uploads\/2024\/11\/Trump-nomina-lo-zar-dei-confini-Tom-Homan-come-responsabile-per-il-controllo-delle-frontiere2-300x200.jpg 300w, https:\/\/www.lettera43.it\/wp-content\/uploads\/2024\/11\/Trump-nomina-lo-zar-dei-confini-Tom-Homan-come-responsabile-per-il-controllo-delle-frontiere2-768x512.jpg 768w\" sizes=\"auto, (max-width: 1024px) 100vw, 1024px\" \/><\/a><\/figure><\/div><div class=\"swiper-slide\"><figure class=\"wp-block-image size-large\"><a href=\"https:\/\/www.lettera43.it\/galleria\/1299006\/1257763\"><img data-has-syndication-rights=\"1\" data-portal-copyright=\"Lettera43\" data-licensor-name=\"Lettera43\" decoding=\"async\" width=\"1200\" height=\"800\" data-id=\"1257763\" src=\"https:\/\/www.lettera43.it\/wp-content\/uploads\/2025\/10\/tagfin_20251025153412161_2497f1739b387d14ff01af1abcd9cb13.jpg\" alt=\"Trump vs Leone XIV: chi sono i protagonisti dello scontro tra Casa Bianca e Vaticano\" class=\"wp-image-1257763 lazyload\" title=\"Trump vs Leone XIV: chi sono i protagonisti dello scontro tra Casa Bianca e Vaticano\" data-src=\"https:\/\/www.lettera43.it\/wp-content\/uploads\/2025\/10\/tagfin_20251025153412161_2497f1739b387d14ff01af1abcd9cb13.jpg\" loading=\"lazy\" data-has-syndication-rights=\"1\" data-licensor-name=\"Lettera43\" srcset=\"https:\/\/www.lettera43.it\/wp-content\/uploads\/2025\/10\/tagfin_20251025153412161_2497f1739b387d14ff01af1abcd9cb13.jpg 1200w, https:\/\/www.lettera43.it\/wp-content\/uploads\/2025\/10\/tagfin_20251025153412161_2497f1739b387d14ff01af1abcd9cb13-800x533.jpg 800w, https:\/\/www.lettera43.it\/wp-content\/uploads\/2025\/10\/tagfin_20251025153412161_2497f1739b387d14ff01af1abcd9cb13-390x260.jpg 390w\" sizes=\"auto, (max-width: 1200px) 100vw, 1200px\" \/><\/a><\/figure><div class=\"swiper-lazy-preloader\"><\/div><\/div><\/div><div class=\"swiper-pagination\"><\/div><div class=\"swiper-button-next\"><\/div><div class=\"swiper-button-prev\"><\/div><\/div>\n\n\n<p>Con lui, c\u2019\u00e8 il capo del Dipartimento di Stato, <strong>Marco Rubio<\/strong>, cattolico, di origini cubane. Rimasto ai margini delle polemiche, Rubio ha per\u00f2 in mente la \u00abreconquista\u00bb dell&#8217;isola caraibica e non molla la presa dell\u2019<strong>embargo economico-energetico <\/strong>puntando al sovvertimento del regime castrista. Si prosegue con<strong> Pete Hegseth<\/strong>, capo del Pentagono, protestante d\u2019assalto, che per giustificare il conflitto in corso in Iran si \u00e8 abbandonato a una citazione biblica, ma invece delle Scritture <a href=\"https:\/\/www.lettera43.it\/hegseth-gaffe-pulp-fiction-bibbia-ezechiele-versetto-video\/\"  rel=\"noreferrer noopener\">ha citato <em>Pulp fiction<\/em><\/a>. Una gaffe niente male. <\/p>\n\n\n\n<blockquote class=\"twitter-tweet\" data-media-max-width=\"560\"><p lang=\"en\" dir=\"ltr\">Secretary of War Pete Hegseth quotes a fake Pulp Fiction Bible verse during Pentagon sermon<br><br>He runs a bible study at the White House every week <a href=\"https:\/\/t.co\/U4Q9NYLmf5\">pic.twitter.com\/U4Q9NYLmf5<\/a><\/p>&mdash; HOT SPOT (@HotSpotHotSpot) <a href=\"https:\/\/twitter.com\/HotSpotHotSpot\/status\/2044803243608264747?ref_src=twsrc%5Etfw\">April 16, 2026<\/a><\/blockquote> <script async src=\"https:\/\/platform.twitter.com\/widgets.js\" charset=\"utf-8\"><\/script>\n\n\n\n<p>Da rilevare poi, sempre in tema religioso, il ruolo di<strong> <\/strong><a href=\"https:\/\/www.lettera43.it\/paula-white-ufficio-della-fede-donald-trump\/\"  rel=\"noreferrer noopener\"><strong>Paula White<\/strong>, capa dell&#8217;Ufficio della fede<\/a> presso la Casa Bianca, nota <strong>telepredicatrice evangelica<\/strong> che promuove il Vangelo della prosperit\u00e0. A lei si devono, ad esempio, le immagini che ritraggono Trump raccolto in preghiera circondato da pastori evangelici nello Studio Ovale. Anche in questo caso il tentativo \u00e8 quello di non perdere quella parte del <strong>voto MAGA<\/strong> che non vede di buon occhio l<strong>&#8216;interventismo internazionale<\/strong> di Trump ed \u00e8 fortemente legato a un <strong>fondamentalismo religioso<\/strong> di origine protestante. Da ultimo tuttavia, a polemizzare apertamente con il Papa, ci si \u00e8 messo <strong>Tom Homan<\/strong>, il cosiddetto\u00a0 \u201czar delle frontiere\u201d, cattolico di formazione e\u00a0interprete della linea dura contro gli immigrati. Homan ha invitato Leone a occuparsi di ci\u00f2 che non va nella Chiesa lasciando da parte la politica. Una menzione, infine,\u00a0 merita anche <strong>Steve Bannon<\/strong>, ex uomo forte del primo mandato di Trump, per la sua lunga opposizione a Bergoglio e poi a Prevost.\u00a0\u00a0<\/p>\n","protected":false},"excerpt":{"rendered":"<p>Dopo l&#8217;attacco frontale di The Donald al Papa, i vescovi Usa si sono schierati tutti con Prevost. Giocando di sponda con la diplomazia guidata da Parolin. Un argine contro i falchi dell&#8217;amministrazione, dal &#8216;teologo&#8217; Vance a Paula White-Cain.<\/p>\n","protected":false},"author":21,"featured_media":0,"comment_status":"closed","ping_status":"closed","sticky":false,"template":"","format":"standard","meta":{"om_disable_all_campaigns":false,"_monsterinsights_skip_tracking":false,"_monsterinsights_sitenote_active":false,"_monsterinsights_sitenote_note":"","_monsterinsights_sitenote_category":0,"footnotes":""},"categories":[168],"tags":[],"class_list":["post-828566","post","type-post","status-publish","format-standard","hentry","category-vaticano"],"aioseo_notices":[],"_links":{"self":[{"href":"https:\/\/nugnes.com\/index.php?rest_route=\/wp\/v2\/posts\/828566","targetHints":{"allow":["GET"]}}],"collection":[{"href":"https:\/\/nugnes.com\/index.php?rest_route=\/wp\/v2\/posts"}],"about":[{"href":"https:\/\/nugnes.com\/index.php?rest_route=\/wp\/v2\/types\/post"}],"author":[{"embeddable":true,"href":"https:\/\/nugnes.com\/index.php?rest_route=\/wp\/v2\/users\/21"}],"replies":[{"embeddable":true,"href":"https:\/\/nugnes.com\/index.php?rest_route=%2Fwp%2Fv2%2Fcomments&post=828566"}],"version-history":[{"count":1,"href":"https:\/\/nugnes.com\/index.php?rest_route=\/wp\/v2\/posts\/828566\/revisions"}],"predecessor-version":[{"id":828567,"href":"https:\/\/nugnes.com\/index.php?rest_route=\/wp\/v2\/posts\/828566\/revisions\/828567"}],"wp:attachment":[{"href":"https:\/\/nugnes.com\/index.php?rest_route=%2Fwp%2Fv2%2Fmedia&parent=828566"}],"wp:term":[{"taxonomy":"category","embeddable":true,"href":"https:\/\/nugnes.com\/index.php?rest_route=%2Fwp%2Fv2%2Fcategories&post=828566"},{"taxonomy":"post_tag","embeddable":true,"href":"https:\/\/nugnes.com\/index.php?rest_route=%2Fwp%2Fv2%2Ftags&post=828566"}],"curies":[{"name":"wp","href":"https:\/\/api.w.org\/{rel}","templated":true}]}}