{"id":83609,"date":"2020-09-26T16:19:15","date_gmt":"2020-09-26T16:19:15","guid":{"rendered":"https:\/\/www.fanpage.it\/sport\/?p=1295354"},"modified":"2020-09-26T16:19:15","modified_gmt":"2020-09-26T16:19:15","slug":"pirlo-cambia-ruolo-a-bernardeschi-puo-fare-tutta-la-fascia-e-li-che-puo-dare-il-meglio","status":"publish","type":"post","link":"https:\/\/nugnes.com\/?p=83609","title":{"rendered":"Pirlo cambia ruolo a Bernardeschi: \u201cPu\u00f2 fare tutta la fascia, \u00e8 l\u00ec che pu\u00f2 dare il meglio\u201d"},"content":{"rendered":"<img src=\"https:\/\/static.fanpage.it\/wp-content\/uploads\/sites\/27\/2020\/09\/bernardeschi-juve-pirlo-ruolo-638x425.jpg\" \/><br \/>Andrea Pirlo vuole cambiare ruolo a Federico Bernardeschi e lo ha dichiarato apertamente ieri nel corso della conferenza stampa alla vigilia di Roma-Juventus: \"Bernardeschi pu\u00f2 fare tutta la fascia.\u00a0Da trequartista non lo vedo Bernardeschi, e lui \u00e8 d\u2019accordo con me\". In quel ruolo lo utilizz\u00f2 gi\u00e0 Paulo Sousa alla Fiorentina.<br \/><a href=\"https:\/\/www.fanpage.it\/sport\/calcio\/pirlo-cambia-ruolo-a-bernardeschi-puo-fare-tutta-la-fascia-e-li-che-puo-dare-il-meglio\/\">Continua a leggere<\/a>","protected":false},"excerpt":{"rendered":"<p>Andrea Pirlo vuole cambiare ruolo a Federico Bernardeschi e lo ha dichiarato apertamente ieri nel corso della conferenza stampa alla vigilia di Roma-Juventus: &#8220;Bernardeschi pu\u00f2 fare tutta la fascia.\u00a0Da trequartista non lo vedo Bernardeschi, e lui \u00e8 d\u2019a&#8230;<\/p>\n","protected":false},"author":155,"featured_media":0,"comment_status":"closed","ping_status":"closed","sticky":false,"template":"","format":"standard","meta":{"om_disable_all_campaigns":false,"_monsterinsights_skip_tracking":false,"_monsterinsights_sitenote_active":false,"_monsterinsights_sitenote_note":"","_monsterinsights_sitenote_category":0,"footnotes":""},"categories":[75,150,743],"tags":[],"class_list":["post-83609","post","type-post","status-publish","format-standard","hentry","category-calcio","category-juventus","category-notizie"],"aioseo_notices":[],"_links":{"self":[{"href":"https:\/\/nugnes.com\/index.php?rest_route=\/wp\/v2\/posts\/83609","targetHints":{"allow":["GET"]}}],"collection":[{"href":"https:\/\/nugnes.com\/index.php?rest_route=\/wp\/v2\/posts"}],"about":[{"href":"https:\/\/nugnes.com\/index.php?rest_route=\/wp\/v2\/types\/post"}],"author":[{"embeddable":true,"href":"https:\/\/nugnes.com\/index.php?rest_route=\/wp\/v2\/users\/155"}],"replies":[{"embeddable":true,"href":"https:\/\/nugnes.com\/index.php?rest_route=%2Fwp%2Fv2%2Fcomments&post=83609"}],"version-history":[{"count":1,"href":"https:\/\/nugnes.com\/index.php?rest_route=\/wp\/v2\/posts\/83609\/revisions"}],"predecessor-version":[{"id":83610,"href":"https:\/\/nugnes.com\/index.php?rest_route=\/wp\/v2\/posts\/83609\/revisions\/83610"}],"wp:attachment":[{"href":"https:\/\/nugnes.com\/index.php?rest_route=%2Fwp%2Fv2%2Fmedia&parent=83609"}],"wp:term":[{"taxonomy":"category","embeddable":true,"href":"https:\/\/nugnes.com\/index.php?rest_route=%2Fwp%2Fv2%2Fcategories&post=83609"},{"taxonomy":"post_tag","embeddable":true,"href":"https:\/\/nugnes.com\/index.php?rest_route=%2Fwp%2Fv2%2Ftags&post=83609"}],"curies":[{"name":"wp","href":"https:\/\/api.w.org\/{rel}","templated":true}]}}