{"id":83627,"date":"2020-09-26T15:36:27","date_gmt":"2020-09-26T15:36:27","guid":{"rendered":"https:\/\/www.fanpage.it\/napoli\/?p=47461"},"modified":"2020-09-26T15:36:27","modified_gmt":"2020-09-26T15:36:27","slug":"oggi-274-positivi-covid-in-campania-mai-cosi-tanti-si-va-verso-mini-lockdown","status":"publish","type":"post","link":"https:\/\/nugnes.com\/?p=83627","title":{"rendered":"Oggi 274 positivi Covid in Campania: mai cosi tanti. Si va verso mini-lockdown"},"content":{"rendered":"<img src=\"https:\/\/static.fanpage.it\/wp-content\/uploads\/sites\/30\/2020\/07\/CORONAVIRUS-CAMPANIA-5-ARTICOLO-638x425.jpg\" \/><br \/>Vincenzo De Luca pu\u00f2 davvero chiudere tutta la Campania? Al momento la curva dei contagi \u00e8 in aumento e la situazione non \u00e8 favorevole. Di certo c'\u00e8 che la tendenza \u00e8 quella di individuare mini focolai o cluster epidemici e chiudere piccole porzioni di territorio affinch\u00e9 non si paralizzi l'intero comparto produttivo di una regione ferita dal Covid, impaurita dai contagi ma anche devastata dalla crisi economica.<br \/><a href=\"https:\/\/www.fanpage.it\/napoli\/chiusure-de-luca-campania-lockdown\/\">Continua a leggere<\/a>","protected":false},"excerpt":{"rendered":"<p>Vincenzo De Luca pu\u00f2 davvero chiudere tutta la Campania? Al momento la curva dei contagi \u00e8 in aumento e la situazione non \u00e8 favorevole. Di certo c&#8217;\u00e8 che la tendenza \u00e8 quella di individuare mini focolai o cluster epidemici e chiudere piccole porzioni di&#8230;<\/p>\n","protected":false},"author":140,"featured_media":0,"comment_status":"closed","ping_status":"closed","sticky":false,"template":"","format":"standard","meta":{"om_disable_all_campaigns":false,"_monsterinsights_skip_tracking":false,"_monsterinsights_sitenote_active":false,"_monsterinsights_sitenote_note":"","_monsterinsights_sitenote_category":0,"footnotes":""},"categories":[745,223,10],"tags":[],"class_list":["post-83627","post","type-post","status-publish","format-standard","hentry","category-attualita","category-campania","category-cronaca"],"aioseo_notices":[],"_links":{"self":[{"href":"https:\/\/nugnes.com\/index.php?rest_route=\/wp\/v2\/posts\/83627","targetHints":{"allow":["GET"]}}],"collection":[{"href":"https:\/\/nugnes.com\/index.php?rest_route=\/wp\/v2\/posts"}],"about":[{"href":"https:\/\/nugnes.com\/index.php?rest_route=\/wp\/v2\/types\/post"}],"author":[{"embeddable":true,"href":"https:\/\/nugnes.com\/index.php?rest_route=\/wp\/v2\/users\/140"}],"replies":[{"embeddable":true,"href":"https:\/\/nugnes.com\/index.php?rest_route=%2Fwp%2Fv2%2Fcomments&post=83627"}],"version-history":[{"count":1,"href":"https:\/\/nugnes.com\/index.php?rest_route=\/wp\/v2\/posts\/83627\/revisions"}],"predecessor-version":[{"id":83628,"href":"https:\/\/nugnes.com\/index.php?rest_route=\/wp\/v2\/posts\/83627\/revisions\/83628"}],"wp:attachment":[{"href":"https:\/\/nugnes.com\/index.php?rest_route=%2Fwp%2Fv2%2Fmedia&parent=83627"}],"wp:term":[{"taxonomy":"category","embeddable":true,"href":"https:\/\/nugnes.com\/index.php?rest_route=%2Fwp%2Fv2%2Fcategories&post=83627"},{"taxonomy":"post_tag","embeddable":true,"href":"https:\/\/nugnes.com\/index.php?rest_route=%2Fwp%2Fv2%2Ftags&post=83627"}],"curies":[{"name":"wp","href":"https:\/\/api.w.org\/{rel}","templated":true}]}}