{"id":84886,"date":"2020-09-29T09:33:26","date_gmt":"2020-09-29T09:33:26","guid":{"rendered":"https:\/\/www.fanpage.it\/milano\/?p=35457"},"modified":"2020-09-29T09:33:26","modified_gmt":"2020-09-29T09:33:26","slug":"milano-tutti-uomini-a-un-convegno-lassessore-maran-non-partecipa","status":"publish","type":"post","link":"https:\/\/nugnes.com\/?p=84886","title":{"rendered":"Milano, tutti uomini a un convegno: l\u2019assessore Maran non partecipa"},"content":{"rendered":"<img src=\"https:\/\/static.fanpage.it\/wp-content\/uploads\/sites\/3\/2018\/06\/schermata-2018-06-14-alle-11-03-43-300x225.jpg\" \/><br \/>L'assessore all'Urbanistica di Milano, Pierfrancesco Maran, non parteciper\u00e0 a un convegno che prevede tra i relatori solo uomini: \"Non credo di dover spiegare a chi legge perch\u00e9 \u00e8 sbagliato\", scrive Maran in un post su Facebook: \"Siccome \u00e8 impossibile che solo gli uomini abbiano buone idee da ascoltare serve che chi organizza un evento faccia lo sforzo per costruire panel adeguati\". I complimenti dell'assessore Tajani: \"Felice di avere un collega di giunta che si unisce a una battaglia troppe volte portata avanti da sole donne\".<br \/><a href=\"https:\/\/www.fanpage.it\/milano\/milano-tutti-uomini-a-un-convegno-lassessore-maran-non-partecipa\/\">Continua a leggere<\/a>","protected":false},"excerpt":{"rendered":"<p>L&#8217;assessore all&#8217;Urbanistica di Milano, Pierfrancesco Maran, non parteciper\u00e0 a un convegno che prevede tra i relatori solo uomini: &#8220;Non credo di dover spiegare a chi legge perch\u00e9 \u00e8 sbagliato&#8221;, scrive Maran in un post su Facebook: &#8220;Siccome \u00e8 impossibile &#8230;<\/p>\n","protected":false},"author":208,"featured_media":0,"comment_status":"closed","ping_status":"closed","sticky":false,"template":"","format":"standard","meta":{"om_disable_all_campaigns":false,"_monsterinsights_skip_tracking":false,"_monsterinsights_sitenote_active":false,"_monsterinsights_sitenote_note":"","_monsterinsights_sitenote_category":0,"footnotes":""},"categories":[745,236,15],"tags":[],"class_list":["post-84886","post","type-post","status-publish","format-standard","hentry","category-attualita","category-lombardia","category-politica"],"aioseo_notices":[],"_links":{"self":[{"href":"https:\/\/nugnes.com\/index.php?rest_route=\/wp\/v2\/posts\/84886","targetHints":{"allow":["GET"]}}],"collection":[{"href":"https:\/\/nugnes.com\/index.php?rest_route=\/wp\/v2\/posts"}],"about":[{"href":"https:\/\/nugnes.com\/index.php?rest_route=\/wp\/v2\/types\/post"}],"author":[{"embeddable":true,"href":"https:\/\/nugnes.com\/index.php?rest_route=\/wp\/v2\/users\/208"}],"replies":[{"embeddable":true,"href":"https:\/\/nugnes.com\/index.php?rest_route=%2Fwp%2Fv2%2Fcomments&post=84886"}],"version-history":[{"count":1,"href":"https:\/\/nugnes.com\/index.php?rest_route=\/wp\/v2\/posts\/84886\/revisions"}],"predecessor-version":[{"id":84887,"href":"https:\/\/nugnes.com\/index.php?rest_route=\/wp\/v2\/posts\/84886\/revisions\/84887"}],"wp:attachment":[{"href":"https:\/\/nugnes.com\/index.php?rest_route=%2Fwp%2Fv2%2Fmedia&parent=84886"}],"wp:term":[{"taxonomy":"category","embeddable":true,"href":"https:\/\/nugnes.com\/index.php?rest_route=%2Fwp%2Fv2%2Fcategories&post=84886"},{"taxonomy":"post_tag","embeddable":true,"href":"https:\/\/nugnes.com\/index.php?rest_route=%2Fwp%2Fv2%2Ftags&post=84886"}],"curies":[{"name":"wp","href":"https:\/\/api.w.org\/{rel}","templated":true}]}}