{"id":92685,"date":"2020-10-13T16:49:41","date_gmt":"2020-10-13T16:49:41","guid":{"rendered":"https:\/\/www.fanpage.it\/sport\/?p=1307118"},"modified":"2020-10-13T16:49:41","modified_gmt":"2020-10-13T16:49:41","slug":"enzo-totti-domani-i-funerali-in-forma-privata-del-papa-di-francesco","status":"publish","type":"post","link":"https:\/\/nugnes.com\/?p=92685","title":{"rendered":"Enzo Totti, domani i funerali in forma privata del pap\u00e0 di Francesco"},"content":{"rendered":"<img src=\"https:\/\/static.fanpage.it\/wp-content\/uploads\/sites\/27\/2020\/10\/enzo-totti-funerale-1602604105085-638x425.jpg\" \/><br \/>Nella giornata di luned\u00ec all'et\u00e0 di 76 anni \u00e8 morto Enzo Totti, il pap\u00e0 di Francesco leggendario calciatore della Roma. I funerali di Enzo Totti, che aveva diverse patologie ed era ricoverato allo Spallanzani perch\u00e9 positivo al Coronavirus, si svolgeranno nella giornata di mercoled\u00ec 14 ottobre, e saranno tenuti in forma strettamente privata.<br \/><a href=\"https:\/\/www.fanpage.it\/sport\/calcio\/enzo-totti-domani-i-funerali-in-forma-privata-del-papa-di-francesco\/\">Continua a leggere<\/a>","protected":false},"excerpt":{"rendered":"<p>Nella giornata di luned\u00ec all&#8217;et\u00e0 di 76 anni \u00e8 morto Enzo Totti, il pap\u00e0 di Francesco leggendario calciatore della Roma. I funerali di Enzo Totti, che aveva diverse patologie ed era ricoverato allo Spallanzani perch\u00e9 positivo al Coronavirus, si svolgera&#8230;<\/p>\n","protected":false},"author":116,"featured_media":0,"comment_status":"closed","ping_status":"closed","sticky":false,"template":"","format":"standard","meta":{"om_disable_all_campaigns":false,"_monsterinsights_skip_tracking":false,"_monsterinsights_sitenote_active":false,"_monsterinsights_sitenote_note":"","_monsterinsights_sitenote_category":0,"footnotes":""},"categories":[75,743],"tags":[],"class_list":["post-92685","post","type-post","status-publish","format-standard","hentry","category-calcio","category-notizie"],"aioseo_notices":[],"_links":{"self":[{"href":"https:\/\/nugnes.com\/index.php?rest_route=\/wp\/v2\/posts\/92685","targetHints":{"allow":["GET"]}}],"collection":[{"href":"https:\/\/nugnes.com\/index.php?rest_route=\/wp\/v2\/posts"}],"about":[{"href":"https:\/\/nugnes.com\/index.php?rest_route=\/wp\/v2\/types\/post"}],"author":[{"embeddable":true,"href":"https:\/\/nugnes.com\/index.php?rest_route=\/wp\/v2\/users\/116"}],"replies":[{"embeddable":true,"href":"https:\/\/nugnes.com\/index.php?rest_route=%2Fwp%2Fv2%2Fcomments&post=92685"}],"version-history":[{"count":1,"href":"https:\/\/nugnes.com\/index.php?rest_route=\/wp\/v2\/posts\/92685\/revisions"}],"predecessor-version":[{"id":92686,"href":"https:\/\/nugnes.com\/index.php?rest_route=\/wp\/v2\/posts\/92685\/revisions\/92686"}],"wp:attachment":[{"href":"https:\/\/nugnes.com\/index.php?rest_route=%2Fwp%2Fv2%2Fmedia&parent=92685"}],"wp:term":[{"taxonomy":"category","embeddable":true,"href":"https:\/\/nugnes.com\/index.php?rest_route=%2Fwp%2Fv2%2Fcategories&post=92685"},{"taxonomy":"post_tag","embeddable":true,"href":"https:\/\/nugnes.com\/index.php?rest_route=%2Fwp%2Fv2%2Ftags&post=92685"}],"curies":[{"name":"wp","href":"https:\/\/api.w.org\/{rel}","templated":true}]}}