{"id":92718,"date":"2020-10-13T18:10:22","date_gmt":"2020-10-13T18:10:22","guid":{"rendered":"https:\/\/www.fanpage.it\/milano\/?p=38773"},"modified":"2020-10-13T18:10:22","modified_gmt":"2020-10-13T18:10:22","slug":"grosio-si-ribalta-con-il-trattore-e-cade-in-un-burrone-muore-un-agricoltore-ferita-una-donna","status":"publish","type":"post","link":"https:\/\/nugnes.com\/?p=92718","title":{"rendered":"Grosio, si ribalta con il trattore e cade in un burrone: muore un agricoltore, ferita una donna"},"content":{"rendered":"<img src=\"https:\/\/static.fanpage.it\/wp-content\/uploads\/sites\/29\/2020\/08\/tractors-3571452_1920-1597917067941-638x425.jpg\" \/><br \/>Nel pomeriggio di oggi, marted\u00ec 13 ottobre, un trattore si \u00e8 ribaltato ed \u00e8 finito in un burrone mentre stava percorrendo una strada stretta a Grosio, in provincia di Sondrio. L'incidente \u00e8 stato fatale per l'uomo alla guida, mentre la donna che le sedeva a fianco \u00e8 stata trasportata in ospedale ma non sarebbe in pericolo di vita.<br \/><a href=\"https:\/\/www.fanpage.it\/milano\/grosio-si-ribalta-con-il-trattore-e-cade-in-un-burrone-muore-un-agricoltore-ferita-una-donna\/\">Continua a leggere<\/a>","protected":false},"excerpt":{"rendered":"<p>Nel pomeriggio di oggi, marted\u00ec 13 ottobre, un trattore si \u00e8 ribaltato ed \u00e8 finito in un burrone mentre stava percorrendo una strada stretta a Grosio, in provincia di Sondrio. L&#8217;incidente \u00e8 stato fatale per l&#8217;uomo alla guida, mentre la donna che le sed&#8230;<\/p>\n","protected":false},"author":222,"featured_media":0,"comment_status":"closed","ping_status":"closed","sticky":false,"template":"","format":"standard","meta":{"om_disable_all_campaigns":false,"_monsterinsights_skip_tracking":false,"_monsterinsights_sitenote_active":false,"_monsterinsights_sitenote_note":"","_monsterinsights_sitenote_category":0,"footnotes":""},"categories":[745,10,236,933],"tags":[],"class_list":["post-92718","post","type-post","status-publish","format-standard","hentry","category-attualita","category-cronaca","category-lombardia","category-sondrio"],"aioseo_notices":[],"_links":{"self":[{"href":"https:\/\/nugnes.com\/index.php?rest_route=\/wp\/v2\/posts\/92718","targetHints":{"allow":["GET"]}}],"collection":[{"href":"https:\/\/nugnes.com\/index.php?rest_route=\/wp\/v2\/posts"}],"about":[{"href":"https:\/\/nugnes.com\/index.php?rest_route=\/wp\/v2\/types\/post"}],"author":[{"embeddable":true,"href":"https:\/\/nugnes.com\/index.php?rest_route=\/wp\/v2\/users\/222"}],"replies":[{"embeddable":true,"href":"https:\/\/nugnes.com\/index.php?rest_route=%2Fwp%2Fv2%2Fcomments&post=92718"}],"version-history":[{"count":1,"href":"https:\/\/nugnes.com\/index.php?rest_route=\/wp\/v2\/posts\/92718\/revisions"}],"predecessor-version":[{"id":92719,"href":"https:\/\/nugnes.com\/index.php?rest_route=\/wp\/v2\/posts\/92718\/revisions\/92719"}],"wp:attachment":[{"href":"https:\/\/nugnes.com\/index.php?rest_route=%2Fwp%2Fv2%2Fmedia&parent=92718"}],"wp:term":[{"taxonomy":"category","embeddable":true,"href":"https:\/\/nugnes.com\/index.php?rest_route=%2Fwp%2Fv2%2Fcategories&post=92718"},{"taxonomy":"post_tag","embeddable":true,"href":"https:\/\/nugnes.com\/index.php?rest_route=%2Fwp%2Fv2%2Ftags&post=92718"}],"curies":[{"name":"wp","href":"https:\/\/api.w.org\/{rel}","templated":true}]}}