{"id":93914,"date":"2020-10-15T18:52:13","date_gmt":"2020-10-15T18:52:13","guid":{"rendered":"https:\/\/www.fanpage.it\/sport\/?p=1308727"},"modified":"2020-10-15T18:52:13","modified_gmt":"2020-10-15T18:52:13","slug":"incubo-covid-sullo-sport-dopo-rossi-e-fede-contagiato-anche-campione-della-pro-recco","status":"publish","type":"post","link":"https:\/\/nugnes.com\/?p=93914","title":{"rendered":"Incubo Covid sullo Sport, dopo Rossi e Fede contagiato anche campione della Pro Recco"},"content":{"rendered":"<img src=\"https:\/\/static.fanpage.it\/wp-content\/uploads\/sites\/27\/2020\/10\/combo-3.jpg\" \/><br \/>Si tratta di Gonzalo Echenique, campione argentino naturalizzato italiano della Pro Recco. Anche lui \u00e8 in quarantena (come tutta la squadra). La notizia \u00e8 arrivata a poche ore dalle positivit\u00e0 di Valentino Rossi e di Federica Pellegrini che avevano annunciato il loro contagio. Dopo il calcio, dunque, l'intero sport \u00e8 sotto scacco del Covid 19.<br \/><a href=\"https:\/\/www.fanpage.it\/sport\/altri-sport\/incubo-covid-sullo-sport-dopo-rossi-e-fede-contagiato-anche-campione-della-pro-recco\/\">Continua a leggere<\/a>","protected":false},"excerpt":{"rendered":"<p>Si tratta di Gonzalo Echenique, campione argentino naturalizzato italiano della Pro Recco. Anche lui \u00e8 in quarantena (come tutta la squadra). La notizia \u00e8 arrivata a poche ore dalle positivit\u00e0 di Valentino Rossi e di Federica Pellegrini che avevano ann&#8230;<\/p>\n","protected":false},"author":81,"featured_media":0,"comment_status":"closed","ping_status":"closed","sticky":false,"template":"","format":"standard","meta":{"om_disable_all_campaigns":false,"_monsterinsights_skip_tracking":false,"_monsterinsights_sitenote_active":false,"_monsterinsights_sitenote_note":"","_monsterinsights_sitenote_category":0,"footnotes":""},"categories":[790,743],"tags":[],"class_list":["post-93914","post","type-post","status-publish","format-standard","hentry","category-altri-sport","category-notizie"],"aioseo_notices":[],"_links":{"self":[{"href":"https:\/\/nugnes.com\/index.php?rest_route=\/wp\/v2\/posts\/93914","targetHints":{"allow":["GET"]}}],"collection":[{"href":"https:\/\/nugnes.com\/index.php?rest_route=\/wp\/v2\/posts"}],"about":[{"href":"https:\/\/nugnes.com\/index.php?rest_route=\/wp\/v2\/types\/post"}],"author":[{"embeddable":true,"href":"https:\/\/nugnes.com\/index.php?rest_route=\/wp\/v2\/users\/81"}],"replies":[{"embeddable":true,"href":"https:\/\/nugnes.com\/index.php?rest_route=%2Fwp%2Fv2%2Fcomments&post=93914"}],"version-history":[{"count":1,"href":"https:\/\/nugnes.com\/index.php?rest_route=\/wp\/v2\/posts\/93914\/revisions"}],"predecessor-version":[{"id":93915,"href":"https:\/\/nugnes.com\/index.php?rest_route=\/wp\/v2\/posts\/93914\/revisions\/93915"}],"wp:attachment":[{"href":"https:\/\/nugnes.com\/index.php?rest_route=%2Fwp%2Fv2%2Fmedia&parent=93914"}],"wp:term":[{"taxonomy":"category","embeddable":true,"href":"https:\/\/nugnes.com\/index.php?rest_route=%2Fwp%2Fv2%2Fcategories&post=93914"},{"taxonomy":"post_tag","embeddable":true,"href":"https:\/\/nugnes.com\/index.php?rest_route=%2Fwp%2Fv2%2Ftags&post=93914"}],"curies":[{"name":"wp","href":"https:\/\/api.w.org\/{rel}","templated":true}]}}