{"id":97457,"date":"2020-10-22T12:26:20","date_gmt":"2020-10-22T12:26:20","guid":{"rendered":"https:\/\/www.fanpage.it\/milano\/?p=41081"},"modified":"2020-10-22T12:26:20","modified_gmt":"2020-10-22T12:26:20","slug":"coprifuoco-infettivologo-puoti-ragazzi-vettori-del-virus-le-prossime-settimane-saranno-pesanti","status":"publish","type":"post","link":"https:\/\/nugnes.com\/?p=97457","title":{"rendered":"Coprifuoco, infettivologo Puoti: \u201cRagazzi vettori del virus, le prossime settimane saranno pesanti\u201d"},"content":{"rendered":"<img src=\"https:\/\/static.fanpage.it\/wp-content\/uploads\/sites\/29\/2020\/10\/CORONAVIRUS-BATTAGLIA-MILANO-ARTICOLO-3-638x425.jpg\" \/><br \/>\"Milano \u00e8 al centro di questa nuova ondata della pandemia come tutte le grandi citt\u00e0 europee: i focolai non si riescono pi\u00f9 a tracciare e sono per lo pi\u00f9 intrafamigliari\". Il professor Massimo Puoti, infettivologo dell'ospedale Niguarda di Milano, parla a Fanpage.it della difficile situazione che vive il capoluogo lombardo, dove da questa sera, come nel resto della Lombardia, scatter\u00e0 il coprifuoco: \"L'ipotesi dietro questa decisione \u00e8 che la diffusione del virus sia ripartita ad agosto a partire dai giovani: eliminando gli assembramenti notturni davanti ai bar della movida, ci si attende una minore circolazione del virus, che nelle ultime 2-3 settimane \u00e8 stata esponenziale\".<br \/><a href=\"https:\/\/www.fanpage.it\/milano\/coprifuoco-infettivologo-puoti-ragazzi-vettori-del-virus-le-prossime-settimane-saranno-pesanti\/\">Continua a leggere<\/a>","protected":false},"excerpt":{"rendered":"<p>&#8220;Milano \u00e8 al centro di questa nuova ondata della pandemia come tutte le grandi citt\u00e0 europee: i focolai non si riescono pi\u00f9 a tracciare e sono per lo pi\u00f9 intrafamigliari&#8221;. Il professor Massimo Puoti, infettivologo dell&#8217;ospedale Niguarda di Milano, parl&#8230;<\/p>\n","protected":false},"author":88,"featured_media":0,"comment_status":"closed","ping_status":"closed","sticky":false,"template":"","format":"standard","meta":{"om_disable_all_campaigns":false,"_monsterinsights_skip_tracking":false,"_monsterinsights_sitenote_active":false,"_monsterinsights_sitenote_note":"","_monsterinsights_sitenote_category":0,"footnotes":""},"categories":[745,10,236],"tags":[],"class_list":["post-97457","post","type-post","status-publish","format-standard","hentry","category-attualita","category-cronaca","category-lombardia"],"aioseo_notices":[],"_links":{"self":[{"href":"https:\/\/nugnes.com\/index.php?rest_route=\/wp\/v2\/posts\/97457","targetHints":{"allow":["GET"]}}],"collection":[{"href":"https:\/\/nugnes.com\/index.php?rest_route=\/wp\/v2\/posts"}],"about":[{"href":"https:\/\/nugnes.com\/index.php?rest_route=\/wp\/v2\/types\/post"}],"author":[{"embeddable":true,"href":"https:\/\/nugnes.com\/index.php?rest_route=\/wp\/v2\/users\/88"}],"replies":[{"embeddable":true,"href":"https:\/\/nugnes.com\/index.php?rest_route=%2Fwp%2Fv2%2Fcomments&post=97457"}],"version-history":[{"count":1,"href":"https:\/\/nugnes.com\/index.php?rest_route=\/wp\/v2\/posts\/97457\/revisions"}],"predecessor-version":[{"id":97458,"href":"https:\/\/nugnes.com\/index.php?rest_route=\/wp\/v2\/posts\/97457\/revisions\/97458"}],"wp:attachment":[{"href":"https:\/\/nugnes.com\/index.php?rest_route=%2Fwp%2Fv2%2Fmedia&parent=97457"}],"wp:term":[{"taxonomy":"category","embeddable":true,"href":"https:\/\/nugnes.com\/index.php?rest_route=%2Fwp%2Fv2%2Fcategories&post=97457"},{"taxonomy":"post_tag","embeddable":true,"href":"https:\/\/nugnes.com\/index.php?rest_route=%2Fwp%2Fv2%2Ftags&post=97457"}],"curies":[{"name":"wp","href":"https:\/\/api.w.org\/{rel}","templated":true}]}}