{"id":98554,"date":"2020-10-24T14:15:48","date_gmt":"2020-10-24T14:15:48","guid":{"rendered":"https:\/\/www.fanpage.it\/sport\/?p=1314663"},"modified":"2020-10-24T14:15:48","modified_gmt":"2020-10-24T14:15:48","slug":"de-rossi-la-frecciata-alla-juve-e-ad-agnelli-e-per-le-regole-quindi-due-scudetti-in-meno","status":"publish","type":"post","link":"https:\/\/nugnes.com\/?p=98554","title":{"rendered":"De Rossi, la frecciata alla Juve e ad Agnelli: \u201c\u00c8 per le regole, quindi due Scudetti in meno\u201d"},"content":{"rendered":"<img src=\"https:\/\/static.fanpage.it\/wp-content\/uploads\/sites\/27\/2020\/10\/de-rossi-juve--638x425.jpeg\" \/><br \/>Daniele De Rossi, ospite del programma di La7 \u2018Propaganda Live\u2019, si \u00e8 soffermato sul numero degli scudetti della Juventus e ha dichiarato: \"Io il numero non me lo ricordo nemmeno. Per\u00f2 come ha detto il presidente Agnelli lui \u00e8 uno che segue le regole e le rispetta, quindi sono due di meno\".\u00a0L'ex centrocampista della Roma sul suo futuro: \"Voglio fare l\u2019allenatore\".<br \/><a href=\"https:\/\/www.fanpage.it\/sport\/calcio\/de-rossi-la-frecciata-alla-juve-e-ad-agnelli-e-per-le-regole-quindi-due-scudetti-in-meno\/\">Continua a leggere<\/a>","protected":false},"excerpt":{"rendered":"<p>Daniele De Rossi, ospite del programma di La7 \u2018Propaganda Live\u2019, si \u00e8 soffermato sul numero degli scudetti della Juventus e ha dichiarato: &#8220;Io il numero non me lo ricordo nemmeno. Per\u00f2 come ha detto il presidente Agnelli lui \u00e8 uno che segue le regole e&#8230;<\/p>\n","protected":false},"author":155,"featured_media":0,"comment_status":"closed","ping_status":"closed","sticky":false,"template":"","format":"standard","meta":{"om_disable_all_campaigns":false,"_monsterinsights_skip_tracking":false,"_monsterinsights_sitenote_active":false,"_monsterinsights_sitenote_note":"","_monsterinsights_sitenote_category":0,"footnotes":""},"categories":[75,150,743,344],"tags":[],"class_list":["post-98554","post","type-post","status-publish","format-standard","hentry","category-calcio","category-juventus","category-notizie","category-serie-a"],"aioseo_notices":[],"_links":{"self":[{"href":"https:\/\/nugnes.com\/index.php?rest_route=\/wp\/v2\/posts\/98554","targetHints":{"allow":["GET"]}}],"collection":[{"href":"https:\/\/nugnes.com\/index.php?rest_route=\/wp\/v2\/posts"}],"about":[{"href":"https:\/\/nugnes.com\/index.php?rest_route=\/wp\/v2\/types\/post"}],"author":[{"embeddable":true,"href":"https:\/\/nugnes.com\/index.php?rest_route=\/wp\/v2\/users\/155"}],"replies":[{"embeddable":true,"href":"https:\/\/nugnes.com\/index.php?rest_route=%2Fwp%2Fv2%2Fcomments&post=98554"}],"version-history":[{"count":1,"href":"https:\/\/nugnes.com\/index.php?rest_route=\/wp\/v2\/posts\/98554\/revisions"}],"predecessor-version":[{"id":98555,"href":"https:\/\/nugnes.com\/index.php?rest_route=\/wp\/v2\/posts\/98554\/revisions\/98555"}],"wp:attachment":[{"href":"https:\/\/nugnes.com\/index.php?rest_route=%2Fwp%2Fv2%2Fmedia&parent=98554"}],"wp:term":[{"taxonomy":"category","embeddable":true,"href":"https:\/\/nugnes.com\/index.php?rest_route=%2Fwp%2Fv2%2Fcategories&post=98554"},{"taxonomy":"post_tag","embeddable":true,"href":"https:\/\/nugnes.com\/index.php?rest_route=%2Fwp%2Fv2%2Ftags&post=98554"}],"curies":[{"name":"wp","href":"https:\/\/api.w.org\/{rel}","templated":true}]}}