{"id":98594,"date":"2020-10-24T15:19:59","date_gmt":"2020-10-24T15:19:59","guid":{"rendered":"https:\/\/www.fanpage.it\/sport\/?p=1314727"},"modified":"2020-10-24T15:19:59","modified_gmt":"2020-10-24T15:19:59","slug":"gianluca-mancini-negativo-agli-ultimi-due-tamponi-covid-e-a-disposizione-per-milan-roma","status":"publish","type":"post","link":"https:\/\/nugnes.com\/?p=98594","title":{"rendered":"Gianluca Mancini negativo agli ultimi due tamponi Covid: \u00e8 a disposizione per Milan-Roma"},"content":{"rendered":"<img src=\"https:\/\/static.fanpage.it\/wp-content\/uploads\/sites\/27\/2020\/06\/gianluca-mancini-infortunio-638x425.jpg\" \/><br \/>Gianluca Mancini\u00a0\u00e8 risultato negativo agli ultimi due tamponi nelle ultime ore e cos\u00ec potr\u00e0 essere\u00a0regolarmente a disposizione di Paulo Fonseca per il match contro il Milan di\u00a0luned\u00ec a San Siro. Il suo annuncio attraverso il profilo ufficiale di Instagram: \u201cNegativo agli ultimi due tamponi!\u00a0Destinazione San Siro\u2026\u201d.<br \/><a href=\"https:\/\/www.fanpage.it\/sport\/calcio\/gianluca-mancini-negativo-agli-ultimi-due-tamponi-covid-e-a-disposizione-per-milan-roma\/\">Continua a leggere<\/a>","protected":false},"excerpt":{"rendered":"<p>Gianluca Mancini\u00a0\u00e8 risultato negativo agli ultimi due tamponi nelle ultime ore e cos\u00ec potr\u00e0 essere\u00a0regolarmente a disposizione di Paulo Fonseca per il match contro il Milan di\u00a0luned\u00ec a San Siro. Il suo annuncio attraverso il profilo ufficiale di Instag&#8230;<\/p>\n","protected":false},"author":155,"featured_media":0,"comment_status":"closed","ping_status":"closed","sticky":false,"template":"","format":"standard","meta":{"om_disable_all_campaigns":false,"_monsterinsights_skip_tracking":false,"_monsterinsights_sitenote_active":false,"_monsterinsights_sitenote_note":"","_monsterinsights_sitenote_category":0,"footnotes":""},"categories":[75,743,77],"tags":[],"class_list":["post-98594","post","type-post","status-publish","format-standard","hentry","category-calcio","category-notizie","category-roma"],"aioseo_notices":[],"_links":{"self":[{"href":"https:\/\/nugnes.com\/index.php?rest_route=\/wp\/v2\/posts\/98594","targetHints":{"allow":["GET"]}}],"collection":[{"href":"https:\/\/nugnes.com\/index.php?rest_route=\/wp\/v2\/posts"}],"about":[{"href":"https:\/\/nugnes.com\/index.php?rest_route=\/wp\/v2\/types\/post"}],"author":[{"embeddable":true,"href":"https:\/\/nugnes.com\/index.php?rest_route=\/wp\/v2\/users\/155"}],"replies":[{"embeddable":true,"href":"https:\/\/nugnes.com\/index.php?rest_route=%2Fwp%2Fv2%2Fcomments&post=98594"}],"version-history":[{"count":2,"href":"https:\/\/nugnes.com\/index.php?rest_route=\/wp\/v2\/posts\/98594\/revisions"}],"predecessor-version":[{"id":98636,"href":"https:\/\/nugnes.com\/index.php?rest_route=\/wp\/v2\/posts\/98594\/revisions\/98636"}],"wp:attachment":[{"href":"https:\/\/nugnes.com\/index.php?rest_route=%2Fwp%2Fv2%2Fmedia&parent=98594"}],"wp:term":[{"taxonomy":"category","embeddable":true,"href":"https:\/\/nugnes.com\/index.php?rest_route=%2Fwp%2Fv2%2Fcategories&post=98594"},{"taxonomy":"post_tag","embeddable":true,"href":"https:\/\/nugnes.com\/index.php?rest_route=%2Fwp%2Fv2%2Ftags&post=98594"}],"curies":[{"name":"wp","href":"https:\/\/api.w.org\/{rel}","templated":true}]}}